{"id":26371,"date":"2022-08-08T22:47:24","date_gmt":"2022-08-08T22:47:24","guid":{"rendered":"https:\/\/blogdorogeriogomes.com.br\/?p=26371"},"modified":"2022-08-09T12:26:01","modified_gmt":"2022-08-09T12:26:01","slug":"caged-mostra-fortaleza-com-saldo-de-mais-de-5-300-empregos-formais-em-junho","status":"publish","type":"post","link":"https:\/\/blogdorogeriogomes.com.br\/noticias\/2022\/08\/caged-mostra-fortaleza-com-saldo-de-mais-de-5-300-empregos-formais-em-junho\/","title":{"rendered":"Caged mostra Fortaleza com saldo de mais de 5.300 empregos formais em junho"},"content":{"rendered":"\n<p>Segundo o Minist\u00e9rio do Trabalho e Previd\u00eancia, Fortaleza registrou crescimento na gera\u00e7\u00e3o de empregos formais com carteira assinada, alcan\u00e7ando um saldo de 5.305 postos, entre admiss\u00f5es (26.252) e desligamentos (20.947). O n\u00famero expressivo foi puxado pelo setor de servi\u00e7os (3.359), seguido pela constru\u00e7\u00e3o civil (1.272) e com\u00e9rcio (614). Os dados s\u00e3o do Cadastro Geral de Empregados e Desempregados (Caged), referentes ao m\u00eas de junho.<\/p>\n\n\n\n<p>A capital cearense segue como o primeiro lugar no saldo de empregos gerados no Norte e Nordeste e em 4\u00ba lugar dentre as capitais do Brasil. Do saldo global de empregos gerados no Estado do Cear\u00e1 (9.605), Fortaleza respondeu por 55,2% dessas vagas, seguida dos munic\u00edpios de Horizonte (420), Eus\u00e9bio (375) e S\u00e3o Gon\u00e7alo do Amarante (325), todos na Regi\u00e3o Metropolitana de Fortaleza.<\/p>\n\n\n\n<p>Atualmente, o Sine Municipal est\u00e1 disponibilizando 711 vagas de trabalho em Fortaleza, incluindo Pessoas com Defici\u00eancia (PcD). Confira a lista das principais oportunidades de emprego: Teleoperador (70), Auxiliar de produ\u00e7\u00e3o (66), Gerente comercial (31), Motorista carreteiro (30), Consultor de vendas (22), Costureira (20), Bombeiro hidr\u00e1ulico (10), T\u00e9cnico em administra\u00e7\u00e3o (10), Zelador (10) e Social media (3).<\/p>\n\n\n\n<figure class=\"wp-block-image size-large\"><img loading=\"lazy\" decoding=\"async\" width=\"1024\" height=\"642\" src=\"https:\/\/blogdorogeriogomes.com.br\/wp-content\/uploads\/2022\/08\/carteiras_de_trabalho-1024x642.webp\" alt=\"\" class=\"wp-image-26372\" srcset=\"https:\/\/blogdorogeriogomes.com.br\/noticias\/wp-content\/uploads\/2022\/08\/carteiras_de_trabalho-1024x642.webp 1024w, https:\/\/blogdorogeriogomes.com.br\/noticias\/wp-content\/uploads\/2022\/08\/carteiras_de_trabalho-300x188.webp 300w, https:\/\/blogdorogeriogomes.com.br\/noticias\/wp-content\/uploads\/2022\/08\/carteiras_de_trabalho-768x481.webp 768w, https:\/\/blogdorogeriogomes.com.br\/noticias\/wp-content\/uploads\/2022\/08\/carteiras_de_trabalho-800x501.webp 800w, https:\/\/blogdorogeriogomes.com.br\/noticias\/wp-content\/uploads\/2022\/08\/carteiras_de_trabalho-320x202.webp 320w, https:\/\/blogdorogeriogomes.com.br\/noticias\/wp-content\/uploads\/2022\/08\/carteiras_de_trabalho.webp 1200w\" sizes=\"auto, (max-width: 1024px) 100vw, 1024px\" \/><\/figure>\n","protected":false},"excerpt":{"rendered":"<p>Segundo o Minist\u00e9rio do Trabalho e Previd\u00eancia, Fortaleza registrou crescimento na gera\u00e7\u00e3o de empregos formais com carteira assinada, alcan\u00e7ando um saldo de 5.305 postos, entre admiss\u00f5es (26.252) e desligamentos (20.947). O n\u00famero expressivo foi puxado pelo setor de servi\u00e7os (3.359), seguido pela constru\u00e7\u00e3o civil (1.272) e com\u00e9rcio (614). Os dados s\u00e3o do Cadastro Geral de Empregados e Desempregados (Caged), referentes ao m\u00eas de junho. A capital cearense segue como o primeiro lugar no saldo de empregos gerados no Norte&hellip;<\/p>\n","protected":false},"author":1,"featured_media":26372,"comment_status":"open","ping_status":"open","sticky":false,"template":"","format":"standard","meta":{"footnotes":""},"categories":[1],"tags":[],"class_list":["post-26371","post","type-post","status-publish","format-standard","has-post-thumbnail","hentry","category-noticias"],"_links":{"self":[{"href":"https:\/\/blogdorogeriogomes.com.br\/noticias\/wp-json\/wp\/v2\/posts\/26371","targetHints":{"allow":["GET"]}}],"collection":[{"href":"https:\/\/blogdorogeriogomes.com.br\/noticias\/wp-json\/wp\/v2\/posts"}],"about":[{"href":"https:\/\/blogdorogeriogomes.com.br\/noticias\/wp-json\/wp\/v2\/types\/post"}],"author":[{"embeddable":true,"href":"https:\/\/blogdorogeriogomes.com.br\/noticias\/wp-json\/wp\/v2\/users\/1"}],"replies":[{"embeddable":true,"href":"https:\/\/blogdorogeriogomes.com.br\/noticias\/wp-json\/wp\/v2\/comments?post=26371"}],"version-history":[{"count":1,"href":"https:\/\/blogdorogeriogomes.com.br\/noticias\/wp-json\/wp\/v2\/posts\/26371\/revisions"}],"predecessor-version":[{"id":26373,"href":"https:\/\/blogdorogeriogomes.com.br\/noticias\/wp-json\/wp\/v2\/posts\/26371\/revisions\/26373"}],"wp:featuredmedia":[{"embeddable":true,"href":"https:\/\/blogdorogeriogomes.com.br\/noticias\/wp-json\/wp\/v2\/media\/26372"}],"wp:attachment":[{"href":"https:\/\/blogdorogeriogomes.com.br\/noticias\/wp-json\/wp\/v2\/media?parent=26371"}],"wp:term":[{"taxonomy":"category","embeddable":true,"href":"https:\/\/blogdorogeriogomes.com.br\/noticias\/wp-json\/wp\/v2\/categories?post=26371"},{"taxonomy":"post_tag","embeddable":true,"href":"https:\/\/blogdorogeriogomes.com.br\/noticias\/wp-json\/wp\/v2\/tags?post=26371"}],"curies":[{"name":"wp","href":"https:\/\/api.w.org\/{rel}","templated":true}]}}