{"id":26374,"date":"2022-08-08T23:10:23","date_gmt":"2022-08-08T23:10:23","guid":{"rendered":"https:\/\/blogdorogeriogomes.com.br\/?p=26374"},"modified":"2022-08-09T12:25:51","modified_gmt":"2022-08-09T12:25:51","slug":"izolda-cela-inaugura-novo-posto-do-detran-no-shopping-benfica-e-diz-que-por-enquanto-nao-vai-se-engajar-na-campanha-politica","status":"publish","type":"post","link":"https:\/\/blogdorogeriogomes.com.br\/noticias\/2022\/08\/izolda-cela-inaugura-novo-posto-do-detran-no-shopping-benfica-e-diz-que-por-enquanto-nao-vai-se-engajar-na-campanha-politica\/","title":{"rendered":"Izolda Cela inaugura novo posto do Detran no Shopping Benfica e diz que por enquanto n\u00e3o vai se engajar na campanha pol\u00edtica"},"content":{"rendered":"\n<p>A governadora do Cear\u00e1, Izolda Cela, entregou nesta segunda-feira, dia 8 de agosto, o novo posto do Detran, no Shopping Benfica, em Fortaleza. Com hor\u00e1rio de funcionamento das 8h \u00e0s 16h30min, a unidade tem capacidade para atender 350 condutores diariamente, sendo necess\u00e1rio fazer agendamento pr\u00e9vio no site.<\/p>\n\n\n\n<p>Durante a inaugura\u00e7\u00e3o, Izolda Cela voltou a dizer que, por enquanto, n\u00e3o vai se engajar em nenhuma campanha pol\u00edtica para o Governo do Estado. Segundo ela, que deixou o PDT, \u00e9 importante manter o foco na entrega de obras do Governo nesse segundo semestre. &#8220;Quero me concentrar no servi\u00e7o. Gra\u00e7as a Deus temos uma rotina bem vigorosa, animada; de entregas de obras aqui, em Fortaleza, Regi\u00e3o Metropolitana e Interior&#8221;, ressaltou a governadora.<\/p>\n\n\n\n<p>Izolda Cela mant\u00e9m liga\u00e7\u00e3o pol\u00edtica com o ex-governador Camilo Santana (PT), que ir\u00e1 disputar vaga ao Senado. Desde que decidiu deixar o PDT, que lan\u00e7ou o ex-prefeito Roberto Cl\u00e1udio ao Pal\u00e1cio da Aboli\u00e7\u00e3o, a governadora tem se mantido afastada das articula\u00e7\u00f5es pol\u00edticas visando as elei\u00e7\u00f5es de outubro.<br><\/p>\n\n\n\n<figure class=\"wp-block-image size-full\"><img loading=\"lazy\" decoding=\"async\" width=\"1017\" height=\"757\" src=\"https:\/\/blogdorogeriogomes.com.br\/wp-content\/uploads\/2022\/08\/IMG-20220808-WA0105.jpg\" alt=\"\" class=\"wp-image-26375\" srcset=\"https:\/\/blogdorogeriogomes.com.br\/noticias\/wp-content\/uploads\/2022\/08\/IMG-20220808-WA0105.jpg 1017w, https:\/\/blogdorogeriogomes.com.br\/noticias\/wp-content\/uploads\/2022\/08\/IMG-20220808-WA0105-300x223.jpg 300w, https:\/\/blogdorogeriogomes.com.br\/noticias\/wp-content\/uploads\/2022\/08\/IMG-20220808-WA0105-768x572.jpg 768w, https:\/\/blogdorogeriogomes.com.br\/noticias\/wp-content\/uploads\/2022\/08\/IMG-20220808-WA0105-800x595.jpg 800w\" sizes=\"auto, (max-width: 1017px) 100vw, 1017px\" \/><\/figure>\n\n\n\n<p><br><\/p>\n","protected":false},"excerpt":{"rendered":"<p>A governadora do Cear\u00e1, Izolda Cela, entregou nesta segunda-feira, dia 8 de agosto, o novo posto do Detran, no Shopping Benfica, em Fortaleza. Com hor\u00e1rio de funcionamento das 8h \u00e0s 16h30min, a unidade tem capacidade para atender 350 condutores diariamente, sendo necess\u00e1rio fazer agendamento pr\u00e9vio no site. Durante a inaugura\u00e7\u00e3o, Izolda Cela voltou a dizer que, por enquanto, n\u00e3o vai se engajar em nenhuma campanha pol\u00edtica para o Governo do Estado. Segundo ela, que deixou o PDT, \u00e9 importante&hellip;<\/p>\n","protected":false},"author":1,"featured_media":26375,"comment_status":"open","ping_status":"open","sticky":false,"template":"","format":"standard","meta":{"footnotes":""},"categories":[1],"tags":[],"class_list":["post-26374","post","type-post","status-publish","format-standard","has-post-thumbnail","hentry","category-noticias"],"_links":{"self":[{"href":"https:\/\/blogdorogeriogomes.com.br\/noticias\/wp-json\/wp\/v2\/posts\/26374","targetHints":{"allow":["GET"]}}],"collection":[{"href":"https:\/\/blogdorogeriogomes.com.br\/noticias\/wp-json\/wp\/v2\/posts"}],"about":[{"href":"https:\/\/blogdorogeriogomes.com.br\/noticias\/wp-json\/wp\/v2\/types\/post"}],"author":[{"embeddable":true,"href":"https:\/\/blogdorogeriogomes.com.br\/noticias\/wp-json\/wp\/v2\/users\/1"}],"replies":[{"embeddable":true,"href":"https:\/\/blogdorogeriogomes.com.br\/noticias\/wp-json\/wp\/v2\/comments?post=26374"}],"version-history":[{"count":1,"href":"https:\/\/blogdorogeriogomes.com.br\/noticias\/wp-json\/wp\/v2\/posts\/26374\/revisions"}],"predecessor-version":[{"id":26376,"href":"https:\/\/blogdorogeriogomes.com.br\/noticias\/wp-json\/wp\/v2\/posts\/26374\/revisions\/26376"}],"wp:featuredmedia":[{"embeddable":true,"href":"https:\/\/blogdorogeriogomes.com.br\/noticias\/wp-json\/wp\/v2\/media\/26375"}],"wp:attachment":[{"href":"https:\/\/blogdorogeriogomes.com.br\/noticias\/wp-json\/wp\/v2\/media?parent=26374"}],"wp:term":[{"taxonomy":"category","embeddable":true,"href":"https:\/\/blogdorogeriogomes.com.br\/noticias\/wp-json\/wp\/v2\/categories?post=26374"},{"taxonomy":"post_tag","embeddable":true,"href":"https:\/\/blogdorogeriogomes.com.br\/noticias\/wp-json\/wp\/v2\/tags?post=26374"}],"curies":[{"name":"wp","href":"https:\/\/api.w.org\/{rel}","templated":true}]}}