{"id":26377,"date":"2022-08-09T10:29:26","date_gmt":"2022-08-09T10:29:26","guid":{"rendered":"https:\/\/blogdorogeriogomes.com.br\/?p=26377"},"modified":"2022-08-09T12:25:42","modified_gmt":"2022-08-09T12:25:42","slug":"roberto-claudio-aponta-falhas-no-governo-camilo-e-capitao-wagner-diz-que-rc-deveria-fazer-mea-culpa","status":"publish","type":"post","link":"https:\/\/blogdorogeriogomes.com.br\/noticias\/2022\/08\/roberto-claudio-aponta-falhas-no-governo-camilo-e-capitao-wagner-diz-que-rc-deveria-fazer-mea-culpa\/","title":{"rendered":"Roberto Cl\u00e1udio aponta falhas no Governo Camilo e Capit\u00e3o Wagner diz que RC deveria fazer &#8220;mea culpa&#8221;"},"content":{"rendered":"\n<p>Em entrevista ao Portal UOL, nesta segunda-feira, dia 8 de agosto, o candidato do PDT ao Governo do Cear\u00e1, Roberto Cl\u00e1udio, afirmou que o avan\u00e7o das fac\u00e7\u00f5es criminosas e as filas de espera em hospitais p\u00fablicos s\u00e3o os \u201cproblemas n\u00e3o resolvidos\u201d pelo governo de Camilo Santana (PT).<\/p>\n\n\n\n<p>O l\u00edder da oposi\u00e7\u00e3o Capit\u00e3o Wagner, candidato ao Governo pelo Uni\u00e3o Brasil, resolveu contrapor RC ao dizer que o advers\u00e1rio deveria fazer um &#8220;mea culpa&#8221; em rela\u00e7\u00e3o \u00e0s cr\u00edticas endere\u00e7adas ao ex-governador Camilo Santana. Em entrevista ao O POVO, Wagner disse: &#8220;Enquanto ele era prefeito, Fortaleza foi considerada a cidade mais violenta do Brasil. T\u00e1 faltando mea culpa. O grupo que est\u00e1 no poder, inclusive o candidato que aponta a falha fazia parte, teve 16 anos para resolver isso e n\u00e3o resolveu\u201d.<br><\/p>\n\n\n\n<figure class=\"wp-block-image size-full\"><img loading=\"lazy\" decoding=\"async\" width=\"745\" height=\"411\" src=\"https:\/\/blogdorogeriogomes.com.br\/wp-content\/uploads\/2022\/08\/images-36.jpeg\" alt=\"\" class=\"wp-image-26378\" srcset=\"https:\/\/blogdorogeriogomes.com.br\/noticias\/wp-content\/uploads\/2022\/08\/images-36.jpeg 745w, https:\/\/blogdorogeriogomes.com.br\/noticias\/wp-content\/uploads\/2022\/08\/images-36-300x166.jpeg 300w\" sizes=\"auto, (max-width: 745px) 100vw, 745px\" \/><\/figure>\n","protected":false},"excerpt":{"rendered":"<p>Em entrevista ao Portal UOL, nesta segunda-feira, dia 8 de agosto, o candidato do PDT ao Governo do Cear\u00e1, Roberto Cl\u00e1udio, afirmou que o avan\u00e7o das fac\u00e7\u00f5es criminosas e as filas de espera em hospitais p\u00fablicos s\u00e3o os \u201cproblemas n\u00e3o resolvidos\u201d pelo governo de Camilo Santana (PT). O l\u00edder da oposi\u00e7\u00e3o Capit\u00e3o Wagner, candidato ao Governo pelo Uni\u00e3o Brasil, resolveu contrapor RC ao dizer que o advers\u00e1rio deveria fazer um &#8220;mea culpa&#8221; em rela\u00e7\u00e3o \u00e0s cr\u00edticas endere\u00e7adas ao ex-governador&hellip;<\/p>\n","protected":false},"author":1,"featured_media":26378,"comment_status":"open","ping_status":"open","sticky":false,"template":"","format":"standard","meta":{"footnotes":""},"categories":[1],"tags":[],"class_list":["post-26377","post","type-post","status-publish","format-standard","has-post-thumbnail","hentry","category-noticias"],"_links":{"self":[{"href":"https:\/\/blogdorogeriogomes.com.br\/noticias\/wp-json\/wp\/v2\/posts\/26377","targetHints":{"allow":["GET"]}}],"collection":[{"href":"https:\/\/blogdorogeriogomes.com.br\/noticias\/wp-json\/wp\/v2\/posts"}],"about":[{"href":"https:\/\/blogdorogeriogomes.com.br\/noticias\/wp-json\/wp\/v2\/types\/post"}],"author":[{"embeddable":true,"href":"https:\/\/blogdorogeriogomes.com.br\/noticias\/wp-json\/wp\/v2\/users\/1"}],"replies":[{"embeddable":true,"href":"https:\/\/blogdorogeriogomes.com.br\/noticias\/wp-json\/wp\/v2\/comments?post=26377"}],"version-history":[{"count":1,"href":"https:\/\/blogdorogeriogomes.com.br\/noticias\/wp-json\/wp\/v2\/posts\/26377\/revisions"}],"predecessor-version":[{"id":26379,"href":"https:\/\/blogdorogeriogomes.com.br\/noticias\/wp-json\/wp\/v2\/posts\/26377\/revisions\/26379"}],"wp:featuredmedia":[{"embeddable":true,"href":"https:\/\/blogdorogeriogomes.com.br\/noticias\/wp-json\/wp\/v2\/media\/26378"}],"wp:attachment":[{"href":"https:\/\/blogdorogeriogomes.com.br\/noticias\/wp-json\/wp\/v2\/media?parent=26377"}],"wp:term":[{"taxonomy":"category","embeddable":true,"href":"https:\/\/blogdorogeriogomes.com.br\/noticias\/wp-json\/wp\/v2\/categories?post=26377"},{"taxonomy":"post_tag","embeddable":true,"href":"https:\/\/blogdorogeriogomes.com.br\/noticias\/wp-json\/wp\/v2\/tags?post=26377"}],"curies":[{"name":"wp","href":"https:\/\/api.w.org\/{rel}","templated":true}]}}