{"id":26383,"date":"2022-08-09T20:40:52","date_gmt":"2022-08-09T20:40:52","guid":{"rendered":"https:\/\/blogdorogeriogomes.com.br\/?p=26383"},"modified":"2022-08-10T12:14:52","modified_gmt":"2022-08-10T12:14:52","slug":"deltan-dallagnol-e-rodrigo-janot-sao-condenados-a-ressarcir-cofres-publicos-por-recebimento-de-diarias-ilegais-e-passagens-aereas-durante-a-lava-jato-valor-chega-a-r-28-milhoes","status":"publish","type":"post","link":"https:\/\/blogdorogeriogomes.com.br\/noticias\/2022\/08\/deltan-dallagnol-e-rodrigo-janot-sao-condenados-a-ressarcir-cofres-publicos-por-recebimento-de-diarias-ilegais-e-passagens-aereas-durante-a-lava-jato-valor-chega-a-r-28-milhoes\/","title":{"rendered":"Deltan Dallagnol e Rodrigo Janot s\u00e3o condenados a ressarcir cofres p\u00fablicos por gastos com di\u00e1rias ilegais e passagens a\u00e9reas durante a Lava Jato. Valor chega a R$ 2,8 milh\u00f5es"},"content":{"rendered":"\n<p>A Segunda C\u00e2mara do&nbsp;Tribunal de Contas da Uni\u00e3o (TCU) decidiu nesta ter\u00e7a-feira, dia 9 de agosto, condenar o ex-procurador-geral da Rep\u00fablica&nbsp;Rodrigo Janot, o ex-procurador Deltan Dallagnol e o procurador Jo\u00e3o Vicente Rom\u00e3o a ressarcir os cofres p\u00fablicos por&nbsp;dinheiro gasto pela for\u00e7a-tarefa da Lava Jato com di\u00e1rias e passagens.<\/p>\n\n\n\n<p>O caso \u00e9 apurado desde 2020 pelo TCU. O relat\u00f3rio do ministro Bruno Dantas foi aprovado nesta ter\u00e7a por quatro votos a zero.&nbsp;O valor do ressarcimento aos cofres p\u00fablicos \u00e9 de R$ 2 milh\u00f5es e 800 mil reais.<\/p>\n\n\n\n<p>Deltan Dallagnol deixou o Minist\u00e9rio P\u00fablico para entrar na vida pol\u00edtica. Ele&nbsp;se filiou no ano passado ao Podemos. Integrantes do partido esperam que ele se candidate a deputado federal, mas a decis\u00e3o do TCU pode deix\u00e1-lo ineleg\u00edvel. Cabe \u00e0 Justi\u00e7a Eleitoral tomar a decis\u00e3o.<\/p>\n\n\n\n<figure class=\"wp-block-image size-full\"><img loading=\"lazy\" decoding=\"async\" width=\"678\" height=\"452\" src=\"https:\/\/blogdorogeriogomes.com.br\/wp-content\/uploads\/2022\/08\/images-38.jpeg\" alt=\"\" class=\"wp-image-26384\" srcset=\"https:\/\/blogdorogeriogomes.com.br\/noticias\/wp-content\/uploads\/2022\/08\/images-38.jpeg 678w, https:\/\/blogdorogeriogomes.com.br\/noticias\/wp-content\/uploads\/2022\/08\/images-38-300x200.jpeg 300w\" sizes=\"auto, (max-width: 678px) 100vw, 678px\" \/><\/figure>\n","protected":false},"excerpt":{"rendered":"<p>A Segunda C\u00e2mara do&nbsp;Tribunal de Contas da Uni\u00e3o (TCU) decidiu nesta ter\u00e7a-feira, dia 9 de agosto, condenar o ex-procurador-geral da Rep\u00fablica&nbsp;Rodrigo Janot, o ex-procurador Deltan Dallagnol e o procurador Jo\u00e3o Vicente Rom\u00e3o a ressarcir os cofres p\u00fablicos por&nbsp;dinheiro gasto pela for\u00e7a-tarefa da Lava Jato com di\u00e1rias e passagens. O caso \u00e9 apurado desde 2020 pelo TCU. O relat\u00f3rio do ministro Bruno Dantas foi aprovado nesta ter\u00e7a por quatro votos a zero.&nbsp;O valor do ressarcimento aos cofres p\u00fablicos \u00e9 de&hellip;<\/p>\n","protected":false},"author":1,"featured_media":26384,"comment_status":"open","ping_status":"open","sticky":false,"template":"","format":"standard","meta":{"footnotes":""},"categories":[1],"tags":[],"class_list":["post-26383","post","type-post","status-publish","format-standard","has-post-thumbnail","hentry","category-noticias"],"_links":{"self":[{"href":"https:\/\/blogdorogeriogomes.com.br\/noticias\/wp-json\/wp\/v2\/posts\/26383","targetHints":{"allow":["GET"]}}],"collection":[{"href":"https:\/\/blogdorogeriogomes.com.br\/noticias\/wp-json\/wp\/v2\/posts"}],"about":[{"href":"https:\/\/blogdorogeriogomes.com.br\/noticias\/wp-json\/wp\/v2\/types\/post"}],"author":[{"embeddable":true,"href":"https:\/\/blogdorogeriogomes.com.br\/noticias\/wp-json\/wp\/v2\/users\/1"}],"replies":[{"embeddable":true,"href":"https:\/\/blogdorogeriogomes.com.br\/noticias\/wp-json\/wp\/v2\/comments?post=26383"}],"version-history":[{"count":2,"href":"https:\/\/blogdorogeriogomes.com.br\/noticias\/wp-json\/wp\/v2\/posts\/26383\/revisions"}],"predecessor-version":[{"id":26386,"href":"https:\/\/blogdorogeriogomes.com.br\/noticias\/wp-json\/wp\/v2\/posts\/26383\/revisions\/26386"}],"wp:featuredmedia":[{"embeddable":true,"href":"https:\/\/blogdorogeriogomes.com.br\/noticias\/wp-json\/wp\/v2\/media\/26384"}],"wp:attachment":[{"href":"https:\/\/blogdorogeriogomes.com.br\/noticias\/wp-json\/wp\/v2\/media?parent=26383"}],"wp:term":[{"taxonomy":"category","embeddable":true,"href":"https:\/\/blogdorogeriogomes.com.br\/noticias\/wp-json\/wp\/v2\/categories?post=26383"},{"taxonomy":"post_tag","embeddable":true,"href":"https:\/\/blogdorogeriogomes.com.br\/noticias\/wp-json\/wp\/v2\/tags?post=26383"}],"curies":[{"name":"wp","href":"https:\/\/api.w.org\/{rel}","templated":true}]}}