{"id":26387,"date":"2022-08-09T23:24:34","date_gmt":"2022-08-09T23:24:34","guid":{"rendered":"https:\/\/blogdorogeriogomes.com.br\/?p=26387"},"modified":"2022-08-10T12:14:42","modified_gmt":"2022-08-10T12:14:42","slug":"quase-metade-dos-vereadores-de-fortaleza-vai-concorrer-nas-eleicoes-de-outubro","status":"publish","type":"post","link":"https:\/\/blogdorogeriogomes.com.br\/noticias\/2022\/08\/quase-metade-dos-vereadores-de-fortaleza-vai-concorrer-nas-eleicoes-de-outubro\/","title":{"rendered":"Quase metade dos vereadores de Fortaleza vai concorrer nas elei\u00e7\u00f5es de outubro"},"content":{"rendered":"\n<p>Dos 43 vereadores da C\u00e2mara Municipal de Fortaleza, pelo menos 20 confirmaram que v\u00e3o participar das elei\u00e7\u00f5es de outubro a cargos como deputado estadual, deputado federal e ao Senado, \u00fanico caso do Inspetor Alberto, do PROS.<\/p>\n\n\n\n<p>Ser\u00e3o 11 vereadores que concorrem a deputado estadual: Adriana Nossa Cara (PSOL), Ant\u00f4nio Henrique (PDT), Carmelo Neto (PL), C\u00f4nsul do Povo (PSDB), Daniel Borges (Avante), Danilo Lopes (Avante), Dudu Di\u00f3genes (PL), Guilherme Sampaio (PT), Jorge Pinheiro (PSDB), Larissa Gaspar (PT) e Sargento Reginauro (Uni\u00e3o Brasil).<\/p>\n\n\n\n<p>Para deputado federal v\u00e3o concorrer os seguintes vereadores: Adail J\u00fanior (PDT), Cl\u00e1udia Gomes (DEM), Enfermeira Ana Paula (PDT), Gabriel Aguiar (PSOL), Julierme Sena (PROS), Michel Lins (Cidadania), Priscilla Costa (PL) e Ronaldo Martins (Republicanos).<\/p>\n\n\n\n<p>At\u00e9 2 de outubro, quando acontece o 1\u00b0 turno das elei\u00e7\u00f5es, as discuss\u00f5es no plen\u00e1rio da C\u00e2mara Municipal de Fortaleza devem ficar cada vez mais acaloradas.<\/p>\n\n\n\n<figure class=\"wp-block-image size-full\"><img loading=\"lazy\" decoding=\"async\" width=\"640\" height=\"427\" src=\"https:\/\/blogdorogeriogomes.com.br\/wp-content\/uploads\/2022\/08\/52259899972_81b696d3e1_z.jpg\" alt=\"\" class=\"wp-image-26388\" srcset=\"https:\/\/blogdorogeriogomes.com.br\/noticias\/wp-content\/uploads\/2022\/08\/52259899972_81b696d3e1_z.jpg 640w, https:\/\/blogdorogeriogomes.com.br\/noticias\/wp-content\/uploads\/2022\/08\/52259899972_81b696d3e1_z-300x200.jpg 300w\" sizes=\"auto, (max-width: 640px) 100vw, 640px\" \/><\/figure>\n","protected":false},"excerpt":{"rendered":"<p>Dos 43 vereadores da C\u00e2mara Municipal de Fortaleza, pelo menos 20 confirmaram que v\u00e3o participar das elei\u00e7\u00f5es de outubro a cargos como deputado estadual, deputado federal e ao Senado, \u00fanico caso do Inspetor Alberto, do PROS. Ser\u00e3o 11 vereadores que concorrem a deputado estadual: Adriana Nossa Cara (PSOL), Ant\u00f4nio Henrique (PDT), Carmelo Neto (PL), C\u00f4nsul do Povo (PSDB), Daniel Borges (Avante), Danilo Lopes (Avante), Dudu Di\u00f3genes (PL), Guilherme Sampaio (PT), Jorge Pinheiro (PSDB), Larissa Gaspar (PT) e Sargento Reginauro&hellip;<\/p>\n","protected":false},"author":1,"featured_media":26388,"comment_status":"open","ping_status":"open","sticky":false,"template":"","format":"standard","meta":{"footnotes":""},"categories":[1],"tags":[],"class_list":["post-26387","post","type-post","status-publish","format-standard","has-post-thumbnail","hentry","category-noticias"],"_links":{"self":[{"href":"https:\/\/blogdorogeriogomes.com.br\/noticias\/wp-json\/wp\/v2\/posts\/26387","targetHints":{"allow":["GET"]}}],"collection":[{"href":"https:\/\/blogdorogeriogomes.com.br\/noticias\/wp-json\/wp\/v2\/posts"}],"about":[{"href":"https:\/\/blogdorogeriogomes.com.br\/noticias\/wp-json\/wp\/v2\/types\/post"}],"author":[{"embeddable":true,"href":"https:\/\/blogdorogeriogomes.com.br\/noticias\/wp-json\/wp\/v2\/users\/1"}],"replies":[{"embeddable":true,"href":"https:\/\/blogdorogeriogomes.com.br\/noticias\/wp-json\/wp\/v2\/comments?post=26387"}],"version-history":[{"count":1,"href":"https:\/\/blogdorogeriogomes.com.br\/noticias\/wp-json\/wp\/v2\/posts\/26387\/revisions"}],"predecessor-version":[{"id":26389,"href":"https:\/\/blogdorogeriogomes.com.br\/noticias\/wp-json\/wp\/v2\/posts\/26387\/revisions\/26389"}],"wp:featuredmedia":[{"embeddable":true,"href":"https:\/\/blogdorogeriogomes.com.br\/noticias\/wp-json\/wp\/v2\/media\/26388"}],"wp:attachment":[{"href":"https:\/\/blogdorogeriogomes.com.br\/noticias\/wp-json\/wp\/v2\/media?parent=26387"}],"wp:term":[{"taxonomy":"category","embeddable":true,"href":"https:\/\/blogdorogeriogomes.com.br\/noticias\/wp-json\/wp\/v2\/categories?post=26387"},{"taxonomy":"post_tag","embeddable":true,"href":"https:\/\/blogdorogeriogomes.com.br\/noticias\/wp-json\/wp\/v2\/tags?post=26387"}],"curies":[{"name":"wp","href":"https:\/\/api.w.org\/{rel}","templated":true}]}}