{"id":26390,"date":"2022-08-10T10:32:12","date_gmt":"2022-08-10T10:32:12","guid":{"rendered":"https:\/\/blogdorogeriogomes.com.br\/?p=26390"},"modified":"2022-08-10T12:14:32","modified_gmt":"2022-08-10T12:14:32","slug":"prefeitura-de-fortaleza-autoriza-contratacao-de-85-novos-medicos-e-351-tecnicos-de-enfermagem","status":"publish","type":"post","link":"https:\/\/blogdorogeriogomes.com.br\/noticias\/2022\/08\/prefeitura-de-fortaleza-autoriza-contratacao-de-85-novos-medicos-e-351-tecnicos-de-enfermagem\/","title":{"rendered":"Prefeitura de Fortaleza autoriza contrata\u00e7\u00e3o de 85 novos m\u00e9dicos e 351 t\u00e9cnicos de enfermagem"},"content":{"rendered":"\n<p>A Prefeitura de Fortaleza autorizou a convoca\u00e7\u00e3o de 85 m\u00e9dicos e 351 t\u00e9cnicos de enfermagem aprovados em sele\u00e7\u00e3o p\u00fablica. O prefeito Jos\u00e9 Sarto tamb\u00e9m anunciou reajuste salarial para as duas categorias. Os candidatos devem&nbsp;se apresentar entre est\u00e1 quarta-feira, dia 10 de agosto, e sexta-feira, dia 12.<\/p>\n\n\n\n<p>Os m\u00e9dicos contratados atuar\u00e3o com carga hor\u00e1ria de 40 horas semanais e receber\u00e3o sal\u00e1rios de R$ 19.320, um aumento de 34,5% na remunera\u00e7\u00e3o. Os t\u00e9cnicos de enfermagem ter\u00e3o ganho de 58,9%. Os sal\u00e1rios s\u00e3o de R$ 2.181,60, com jornadas de 40 horas semanais.<\/p>\n\n\n\n<figure class=\"wp-block-image size-large\"><img loading=\"lazy\" decoding=\"async\" width=\"1024\" height=\"576\" src=\"https:\/\/blogdorogeriogomes.com.br\/wp-content\/uploads\/2022\/08\/Medicos-1024x576.jpg\" alt=\"\" class=\"wp-image-26391\" srcset=\"https:\/\/blogdorogeriogomes.com.br\/noticias\/wp-content\/uploads\/2022\/08\/Medicos-1024x576.jpg 1024w, https:\/\/blogdorogeriogomes.com.br\/noticias\/wp-content\/uploads\/2022\/08\/Medicos-300x169.jpg 300w, https:\/\/blogdorogeriogomes.com.br\/noticias\/wp-content\/uploads\/2022\/08\/Medicos-768x432.jpg 768w, https:\/\/blogdorogeriogomes.com.br\/noticias\/wp-content\/uploads\/2022\/08\/Medicos-800x450.jpg 800w, https:\/\/blogdorogeriogomes.com.br\/noticias\/wp-content\/uploads\/2022\/08\/Medicos.jpg 1200w\" sizes=\"auto, (max-width: 1024px) 100vw, 1024px\" \/><\/figure>\n\n\n\n<p><\/p>\n","protected":false},"excerpt":{"rendered":"<p>A Prefeitura de Fortaleza autorizou a convoca\u00e7\u00e3o de 85 m\u00e9dicos e 351 t\u00e9cnicos de enfermagem aprovados em sele\u00e7\u00e3o p\u00fablica. O prefeito Jos\u00e9 Sarto tamb\u00e9m anunciou reajuste salarial para as duas categorias. Os candidatos devem&nbsp;se apresentar entre est\u00e1 quarta-feira, dia 10 de agosto, e sexta-feira, dia 12. Os m\u00e9dicos contratados atuar\u00e3o com carga hor\u00e1ria de 40 horas semanais e receber\u00e3o sal\u00e1rios de R$ 19.320, um aumento de 34,5% na remunera\u00e7\u00e3o. Os t\u00e9cnicos de enfermagem ter\u00e3o ganho de 58,9%. Os sal\u00e1rios&hellip;<\/p>\n","protected":false},"author":1,"featured_media":26391,"comment_status":"open","ping_status":"open","sticky":false,"template":"","format":"standard","meta":{"footnotes":""},"categories":[1],"tags":[],"class_list":["post-26390","post","type-post","status-publish","format-standard","has-post-thumbnail","hentry","category-noticias"],"_links":{"self":[{"href":"https:\/\/blogdorogeriogomes.com.br\/noticias\/wp-json\/wp\/v2\/posts\/26390","targetHints":{"allow":["GET"]}}],"collection":[{"href":"https:\/\/blogdorogeriogomes.com.br\/noticias\/wp-json\/wp\/v2\/posts"}],"about":[{"href":"https:\/\/blogdorogeriogomes.com.br\/noticias\/wp-json\/wp\/v2\/types\/post"}],"author":[{"embeddable":true,"href":"https:\/\/blogdorogeriogomes.com.br\/noticias\/wp-json\/wp\/v2\/users\/1"}],"replies":[{"embeddable":true,"href":"https:\/\/blogdorogeriogomes.com.br\/noticias\/wp-json\/wp\/v2\/comments?post=26390"}],"version-history":[{"count":2,"href":"https:\/\/blogdorogeriogomes.com.br\/noticias\/wp-json\/wp\/v2\/posts\/26390\/revisions"}],"predecessor-version":[{"id":26396,"href":"https:\/\/blogdorogeriogomes.com.br\/noticias\/wp-json\/wp\/v2\/posts\/26390\/revisions\/26396"}],"wp:featuredmedia":[{"embeddable":true,"href":"https:\/\/blogdorogeriogomes.com.br\/noticias\/wp-json\/wp\/v2\/media\/26391"}],"wp:attachment":[{"href":"https:\/\/blogdorogeriogomes.com.br\/noticias\/wp-json\/wp\/v2\/media?parent=26390"}],"wp:term":[{"taxonomy":"category","embeddable":true,"href":"https:\/\/blogdorogeriogomes.com.br\/noticias\/wp-json\/wp\/v2\/categories?post=26390"},{"taxonomy":"post_tag","embeddable":true,"href":"https:\/\/blogdorogeriogomes.com.br\/noticias\/wp-json\/wp\/v2\/tags?post=26390"}],"curies":[{"name":"wp","href":"https:\/\/api.w.org\/{rel}","templated":true}]}}