{"id":26400,"date":"2022-08-10T18:59:32","date_gmt":"2022-08-10T18:59:32","guid":{"rendered":"https:\/\/blogdorogeriogomes.com.br\/?p=26400"},"modified":"2022-08-11T11:28:38","modified_gmt":"2022-08-11T11:28:38","slug":"professores-da-rede-de-fortaleza-realizam-ato-pelo-pagamento-de-precatorio-do-fundef-nesta-sexta-feira","status":"publish","type":"post","link":"https:\/\/blogdorogeriogomes.com.br\/noticias\/2022\/08\/professores-da-rede-de-fortaleza-realizam-ato-pelo-pagamento-de-precatorio-do-fundef-nesta-sexta-feira\/","title":{"rendered":"Professores da rede de Fortaleza realizam ato pelo pagamento de precat\u00f3rio do Fundef nesta sexta-feira"},"content":{"rendered":"\n<p>Professores da rede municipal de Fortaleza prometem paralisar as atividades nesta sexta-feira, dia 12 de agosto, para realizar um ato pelo pagamento do precat\u00f3rio do antigo Fundo de Manuten\u00e7\u00e3o e Desenvolvimento do Ensino Fundamental e de Valoriza\u00e7\u00e3o do Magist\u00e9rio (Fundef).<\/p>\n\n\n\n<p>O protesto foi convocado pelo Sindicato Uni\u00e3o dos Trabalhadores em Educa\u00e7\u00e3o de Fortaleza (Sindiute) e ser\u00e1 realizado no Pa\u00e7o Municipal, no Centro da Capital.<\/p>\n\n\n\n<p>O Sindiute argumenta que a Prefeitura de Fortaleza  deixou de repassar para os professores cerca R$ 289 milh\u00f5es. Esse montante teve origem em uma a\u00e7\u00e3o judicial do Munic\u00edpio contra a Uni\u00e3o, ajuizada em 2010 e paga em 2015, que cobrou o repasse de verbas relativas \u00e0 complementa\u00e7\u00e3o do Fundef, que deveriam ter sido pagas nos anos de 2005 e 2006.<\/p>\n\n\n\n<p>O Sindiute destaca que a Prefeitura n\u00e3o rateou pelo menos 60% dos valores com os professores, conforme assegura a lei que regulamentava o Fundef.<\/p>\n\n\n\n<figure class=\"wp-block-image size-full\"><img loading=\"lazy\" decoding=\"async\" width=\"739\" height=\"415\" src=\"https:\/\/blogdorogeriogomes.com.br\/wp-content\/uploads\/2022\/08\/images-40.jpeg\" alt=\"\" class=\"wp-image-26401\" srcset=\"https:\/\/blogdorogeriogomes.com.br\/noticias\/wp-content\/uploads\/2022\/08\/images-40.jpeg 739w, https:\/\/blogdorogeriogomes.com.br\/noticias\/wp-content\/uploads\/2022\/08\/images-40-300x168.jpeg 300w\" sizes=\"auto, (max-width: 739px) 100vw, 739px\" \/><\/figure>\n","protected":false},"excerpt":{"rendered":"<p>Professores da rede municipal de Fortaleza prometem paralisar as atividades nesta sexta-feira, dia 12 de agosto, para realizar um ato pelo pagamento do precat\u00f3rio do antigo Fundo de Manuten\u00e7\u00e3o e Desenvolvimento do Ensino Fundamental e de Valoriza\u00e7\u00e3o do Magist\u00e9rio (Fundef). O protesto foi convocado pelo Sindicato Uni\u00e3o dos Trabalhadores em Educa\u00e7\u00e3o de Fortaleza (Sindiute) e ser\u00e1 realizado no Pa\u00e7o Municipal, no Centro da Capital. O Sindiute argumenta que a Prefeitura de Fortaleza deixou de repassar para os professores cerca&hellip;<\/p>\n","protected":false},"author":1,"featured_media":26401,"comment_status":"open","ping_status":"open","sticky":false,"template":"","format":"standard","meta":{"footnotes":""},"categories":[1],"tags":[],"class_list":["post-26400","post","type-post","status-publish","format-standard","has-post-thumbnail","hentry","category-noticias"],"_links":{"self":[{"href":"https:\/\/blogdorogeriogomes.com.br\/noticias\/wp-json\/wp\/v2\/posts\/26400","targetHints":{"allow":["GET"]}}],"collection":[{"href":"https:\/\/blogdorogeriogomes.com.br\/noticias\/wp-json\/wp\/v2\/posts"}],"about":[{"href":"https:\/\/blogdorogeriogomes.com.br\/noticias\/wp-json\/wp\/v2\/types\/post"}],"author":[{"embeddable":true,"href":"https:\/\/blogdorogeriogomes.com.br\/noticias\/wp-json\/wp\/v2\/users\/1"}],"replies":[{"embeddable":true,"href":"https:\/\/blogdorogeriogomes.com.br\/noticias\/wp-json\/wp\/v2\/comments?post=26400"}],"version-history":[{"count":1,"href":"https:\/\/blogdorogeriogomes.com.br\/noticias\/wp-json\/wp\/v2\/posts\/26400\/revisions"}],"predecessor-version":[{"id":26402,"href":"https:\/\/blogdorogeriogomes.com.br\/noticias\/wp-json\/wp\/v2\/posts\/26400\/revisions\/26402"}],"wp:featuredmedia":[{"embeddable":true,"href":"https:\/\/blogdorogeriogomes.com.br\/noticias\/wp-json\/wp\/v2\/media\/26401"}],"wp:attachment":[{"href":"https:\/\/blogdorogeriogomes.com.br\/noticias\/wp-json\/wp\/v2\/media?parent=26400"}],"wp:term":[{"taxonomy":"category","embeddable":true,"href":"https:\/\/blogdorogeriogomes.com.br\/noticias\/wp-json\/wp\/v2\/categories?post=26400"},{"taxonomy":"post_tag","embeddable":true,"href":"https:\/\/blogdorogeriogomes.com.br\/noticias\/wp-json\/wp\/v2\/tags?post=26400"}],"curies":[{"name":"wp","href":"https:\/\/api.w.org\/{rel}","templated":true}]}}