{"id":26409,"date":"2022-08-11T11:10:26","date_gmt":"2022-08-11T11:10:26","guid":{"rendered":"https:\/\/blogdorogeriogomes.com.br\/?p=26409"},"modified":"2022-08-11T11:28:15","modified_gmt":"2022-08-11T11:28:15","slug":"tcu-entrega-lista-de-politicos-inelegiveis-ao-tribunal-superior-eleitoral-no-ceara-sao-656-pessoas","status":"publish","type":"post","link":"https:\/\/blogdorogeriogomes.com.br\/noticias\/2022\/08\/tcu-entrega-lista-de-politicos-inelegiveis-ao-tribunal-superior-eleitoral-no-ceara-sao-656-pessoas\/","title":{"rendered":"TCU entrega lista de pol\u00edticos ineleg\u00edveis ao Tribunal Superior Eleitoral. No Cear\u00e1, s\u00e3o 656 pessoas"},"content":{"rendered":"\n<p>Quem pretende se candidatar nas elei\u00e7\u00f5es de 2022 e est\u00e1 com contas pendentes em tribunais de contas, ter\u00e1 de se entender com a Justi\u00e7a Eleitoral. A lista de pol\u00edticos e gestores p\u00fablicos ineleg\u00edveis para as elei\u00e7\u00f5es de 2022, divulgada nesta quarta-feira, dia 10 de agosto, pelo Tribunal de Contas da Uni\u00e3o (TCU), incluiu 656 registros de nomes cearenses. A rela\u00e7\u00e3o apresenta ex-prefeitos, ex-secret\u00e1rios municipais, presidentes de entidades p\u00fablicas, de partidos pol\u00edticos e s\u00f3cios de empresas privadas que tiveram contas julgadas irregulares em definitivo pelo TCU. As condena\u00e7\u00f5es foram confirmadas por decis\u00f5es transitadas em julgado.<\/p>\n\n\n\n<p>Os dados foram entregues pelo TCU ao Tribunal Superior Eleitoral (TSE), a quem cabe autorizar ou negar os registros de candidatura para as elei\u00e7\u00f5es gerais de outubro. A Lei da Ficha Limpa pro\u00edbe que gestores p\u00fablicos com presta\u00e7\u00f5es de contas irregulares participem do processo eleitoral.<br><br><br><br><\/p>\n\n\n\n<figure class=\"wp-block-image size-full\"><img loading=\"lazy\" decoding=\"async\" width=\"678\" height=\"452\" src=\"https:\/\/blogdorogeriogomes.com.br\/wp-content\/uploads\/2022\/08\/images-41.jpeg\" alt=\"\" class=\"wp-image-26410\" srcset=\"https:\/\/blogdorogeriogomes.com.br\/noticias\/wp-content\/uploads\/2022\/08\/images-41.jpeg 678w, https:\/\/blogdorogeriogomes.com.br\/noticias\/wp-content\/uploads\/2022\/08\/images-41-300x200.jpeg 300w\" sizes=\"auto, (max-width: 678px) 100vw, 678px\" \/><\/figure>\n","protected":false},"excerpt":{"rendered":"<p>Quem pretende se candidatar nas elei\u00e7\u00f5es de 2022 e est\u00e1 com contas pendentes em tribunais de contas, ter\u00e1 de se entender com a Justi\u00e7a Eleitoral. A lista de pol\u00edticos e gestores p\u00fablicos ineleg\u00edveis para as elei\u00e7\u00f5es de 2022, divulgada nesta quarta-feira, dia 10 de agosto, pelo Tribunal de Contas da Uni\u00e3o (TCU), incluiu 656 registros de nomes cearenses. A rela\u00e7\u00e3o apresenta ex-prefeitos, ex-secret\u00e1rios municipais, presidentes de entidades p\u00fablicas, de partidos pol\u00edticos e s\u00f3cios de empresas privadas que tiveram contas&hellip;<\/p>\n","protected":false},"author":1,"featured_media":26410,"comment_status":"open","ping_status":"open","sticky":false,"template":"","format":"standard","meta":{"footnotes":""},"categories":[1],"tags":[],"class_list":["post-26409","post","type-post","status-publish","format-standard","has-post-thumbnail","hentry","category-noticias"],"_links":{"self":[{"href":"https:\/\/blogdorogeriogomes.com.br\/noticias\/wp-json\/wp\/v2\/posts\/26409","targetHints":{"allow":["GET"]}}],"collection":[{"href":"https:\/\/blogdorogeriogomes.com.br\/noticias\/wp-json\/wp\/v2\/posts"}],"about":[{"href":"https:\/\/blogdorogeriogomes.com.br\/noticias\/wp-json\/wp\/v2\/types\/post"}],"author":[{"embeddable":true,"href":"https:\/\/blogdorogeriogomes.com.br\/noticias\/wp-json\/wp\/v2\/users\/1"}],"replies":[{"embeddable":true,"href":"https:\/\/blogdorogeriogomes.com.br\/noticias\/wp-json\/wp\/v2\/comments?post=26409"}],"version-history":[{"count":1,"href":"https:\/\/blogdorogeriogomes.com.br\/noticias\/wp-json\/wp\/v2\/posts\/26409\/revisions"}],"predecessor-version":[{"id":26411,"href":"https:\/\/blogdorogeriogomes.com.br\/noticias\/wp-json\/wp\/v2\/posts\/26409\/revisions\/26411"}],"wp:featuredmedia":[{"embeddable":true,"href":"https:\/\/blogdorogeriogomes.com.br\/noticias\/wp-json\/wp\/v2\/media\/26410"}],"wp:attachment":[{"href":"https:\/\/blogdorogeriogomes.com.br\/noticias\/wp-json\/wp\/v2\/media?parent=26409"}],"wp:term":[{"taxonomy":"category","embeddable":true,"href":"https:\/\/blogdorogeriogomes.com.br\/noticias\/wp-json\/wp\/v2\/categories?post=26409"},{"taxonomy":"post_tag","embeddable":true,"href":"https:\/\/blogdorogeriogomes.com.br\/noticias\/wp-json\/wp\/v2\/tags?post=26409"}],"curies":[{"name":"wp","href":"https:\/\/api.w.org\/{rel}","templated":true}]}}