{"id":26412,"date":"2022-08-11T11:31:39","date_gmt":"2022-08-11T11:31:39","guid":{"rendered":"https:\/\/blogdorogeriogomes.com.br\/?p=26412"},"modified":"2022-08-12T12:00:22","modified_gmt":"2022-08-12T12:00:22","slug":"sao-benedito-iguatu-crateus-e-sobral-ganham-voos-da-azul-a-partir-de-novembro","status":"publish","type":"post","link":"https:\/\/blogdorogeriogomes.com.br\/noticias\/2022\/08\/sao-benedito-iguatu-crateus-e-sobral-ganham-voos-da-azul-a-partir-de-novembro\/","title":{"rendered":"S\u00e3o Benedito, Iguatu, Crate\u00fas e Sobral ganham voos da Azul a partir de novembro"},"content":{"rendered":"\n<p>Aeroportos dos munic\u00edpios de S\u00e3o Benedito, Iguatu, Crate\u00fas e Sobral, no interior do Cear\u00e1, v\u00e3o ganhar voos da Azul Linhas A\u00e9reas a partir do m\u00eas de novembro. Ser\u00e3o nove frequ\u00eancias semanais realizadas por aeronaves Cessna Grand Caravan, com capacidade para transportar at\u00e9 nove passageiros. As passagens come\u00e7am a ser comercializada em 15 de agosto.<\/p>\n\n\n\n<p>Os quatro novos voos regionais foram criados a partir de uma parceria do Governo do Estado com a Azul. De acordo com o planejamento anunciado pela governadora Izolda Cela, as rotas ser\u00e3o iniciadas a partir de 7 de novembro para S\u00e3o Benedito, 8 de novembro para liga\u00e7\u00f5es em Iguatu, e 9 de novembro para as cidades de Crate\u00fas e Sobral.<br><\/p>\n\n\n\n<figure class=\"wp-block-image size-full\"><img loading=\"lazy\" decoding=\"async\" width=\"540\" height=\"304\" src=\"https:\/\/blogdorogeriogomes.com.br\/wp-content\/uploads\/2022\/08\/azul-conecta-cessna-grand-caravan-foto-luis-alberto-neves.jpeg.jpg\" alt=\"\" class=\"wp-image-26413\" srcset=\"https:\/\/blogdorogeriogomes.com.br\/noticias\/wp-content\/uploads\/2022\/08\/azul-conecta-cessna-grand-caravan-foto-luis-alberto-neves.jpeg.jpg 540w, https:\/\/blogdorogeriogomes.com.br\/noticias\/wp-content\/uploads\/2022\/08\/azul-conecta-cessna-grand-caravan-foto-luis-alberto-neves.jpeg-300x169.jpg 300w\" sizes=\"auto, (max-width: 540px) 100vw, 540px\" \/><\/figure>\n","protected":false},"excerpt":{"rendered":"<p>Aeroportos dos munic\u00edpios de S\u00e3o Benedito, Iguatu, Crate\u00fas e Sobral, no interior do Cear\u00e1, v\u00e3o ganhar voos da Azul Linhas A\u00e9reas a partir do m\u00eas de novembro. Ser\u00e3o nove frequ\u00eancias semanais realizadas por aeronaves Cessna Grand Caravan, com capacidade para transportar at\u00e9 nove passageiros. As passagens come\u00e7am a ser comercializada em 15 de agosto. Os quatro novos voos regionais foram criados a partir de uma parceria do Governo do Estado com a Azul. De acordo com o planejamento anunciado&hellip;<\/p>\n","protected":false},"author":1,"featured_media":26413,"comment_status":"open","ping_status":"open","sticky":false,"template":"","format":"standard","meta":{"footnotes":""},"categories":[1],"tags":[],"class_list":["post-26412","post","type-post","status-publish","format-standard","has-post-thumbnail","hentry","category-noticias"],"_links":{"self":[{"href":"https:\/\/blogdorogeriogomes.com.br\/noticias\/wp-json\/wp\/v2\/posts\/26412","targetHints":{"allow":["GET"]}}],"collection":[{"href":"https:\/\/blogdorogeriogomes.com.br\/noticias\/wp-json\/wp\/v2\/posts"}],"about":[{"href":"https:\/\/blogdorogeriogomes.com.br\/noticias\/wp-json\/wp\/v2\/types\/post"}],"author":[{"embeddable":true,"href":"https:\/\/blogdorogeriogomes.com.br\/noticias\/wp-json\/wp\/v2\/users\/1"}],"replies":[{"embeddable":true,"href":"https:\/\/blogdorogeriogomes.com.br\/noticias\/wp-json\/wp\/v2\/comments?post=26412"}],"version-history":[{"count":1,"href":"https:\/\/blogdorogeriogomes.com.br\/noticias\/wp-json\/wp\/v2\/posts\/26412\/revisions"}],"predecessor-version":[{"id":26414,"href":"https:\/\/blogdorogeriogomes.com.br\/noticias\/wp-json\/wp\/v2\/posts\/26412\/revisions\/26414"}],"wp:featuredmedia":[{"embeddable":true,"href":"https:\/\/blogdorogeriogomes.com.br\/noticias\/wp-json\/wp\/v2\/media\/26413"}],"wp:attachment":[{"href":"https:\/\/blogdorogeriogomes.com.br\/noticias\/wp-json\/wp\/v2\/media?parent=26412"}],"wp:term":[{"taxonomy":"category","embeddable":true,"href":"https:\/\/blogdorogeriogomes.com.br\/noticias\/wp-json\/wp\/v2\/categories?post=26412"},{"taxonomy":"post_tag","embeddable":true,"href":"https:\/\/blogdorogeriogomes.com.br\/noticias\/wp-json\/wp\/v2\/tags?post=26412"}],"curies":[{"name":"wp","href":"https:\/\/api.w.org\/{rel}","templated":true}]}}