{"id":26415,"date":"2022-08-11T22:51:53","date_gmt":"2022-08-11T22:51:53","guid":{"rendered":"https:\/\/blogdorogeriogomes.com.br\/?p=26415"},"modified":"2022-08-12T12:00:13","modified_gmt":"2022-08-12T12:00:13","slug":"atos-pela-democracia-ganham-as-ruas-de-mais-de-50-cidades-no-pais","status":"publish","type":"post","link":"https:\/\/blogdorogeriogomes.com.br\/noticias\/2022\/08\/atos-pela-democracia-ganham-as-ruas-de-mais-de-50-cidades-no-pais\/","title":{"rendered":"Atos pela democracia ganham as ruas de mais de 50 cidades no Pa\u00eds"},"content":{"rendered":"\n<p>Atos em defesa da democracia e de elei\u00e7\u00f5es livres com o atual sistema de urnas eletr\u00f4nicas ganharam as ruas de mais de 50 cidades pelo Pa\u00eds, nesta quinta-feira, dia 11 de agosto. Em Fortaleza, a concentra\u00e7\u00e3o foi na Pra\u00e7a da Bandeira com manifesta\u00e7\u00f5es contra o discurso golpista do presidente Jair Bolsonaro. <\/p>\n\n\n\n<p>Em todo o Brasil, candidatos \u00e0 Presid\u00eancia da Rep\u00fablica, deputados, senadores e outros pol\u00edticos repercutiram nas redes sociais o ato em defesa da democracia e das elei\u00e7\u00f5es promovido a partir de uma carta elaborada na Faculdade de Direito da Universidade de S\u00e3o Paulo (USP). <\/p>\n\n\n\n<p>Cerca de 1 milh\u00e3o de pessoas j\u00e1 assinaram eletronicamente o manifesto, que re\u00fane juristas, artistas, empres\u00e1rios, banqueiros e movimentos sociais. Os atos democr\u00e1ticos pelo Pa\u00eds foram marcados por discursos em mem\u00f3ria \u00e0s v\u00edtimas da ditadura militar no Brasil e de cobran\u00e7a por respeito ao sistema eleitoral.<\/p>\n\n\n\n<p>Os presidenciaveis Lula (PT), Ciro Gomes (PDT) e Simone Tebet (MDB) assinaram o manifesto e se posicionaram pelo envolvimento da sociedade civil em favor da democracia. Apenas o presidente Jair Bolsonaro (PL) n\u00e3o assinou a carta e, em contraponto \u00e0s manifesta\u00e7\u00f5es, preferiu ironizar ao lado dos seus aliados a leitura de cartas.<\/p>\n\n\n\n<figure class=\"wp-block-image size-full\"><img loading=\"lazy\" decoding=\"async\" width=\"1008\" height=\"756\" src=\"https:\/\/blogdorogeriogomes.com.br\/wp-content\/uploads\/2022\/08\/fup20220811187-1-.jpg\" alt=\"\" class=\"wp-image-26416\" srcset=\"https:\/\/blogdorogeriogomes.com.br\/noticias\/wp-content\/uploads\/2022\/08\/fup20220811187-1-.jpg 1008w, https:\/\/blogdorogeriogomes.com.br\/noticias\/wp-content\/uploads\/2022\/08\/fup20220811187-1--300x225.jpg 300w, https:\/\/blogdorogeriogomes.com.br\/noticias\/wp-content\/uploads\/2022\/08\/fup20220811187-1--768x576.jpg 768w, https:\/\/blogdorogeriogomes.com.br\/noticias\/wp-content\/uploads\/2022\/08\/fup20220811187-1--800x600.jpg 800w, https:\/\/blogdorogeriogomes.com.br\/noticias\/wp-content\/uploads\/2022\/08\/fup20220811187-1--400x300.jpg 400w\" sizes=\"auto, (max-width: 1008px) 100vw, 1008px\" \/><\/figure>\n","protected":false},"excerpt":{"rendered":"<p>Atos em defesa da democracia e de elei\u00e7\u00f5es livres com o atual sistema de urnas eletr\u00f4nicas ganharam as ruas de mais de 50 cidades pelo Pa\u00eds, nesta quinta-feira, dia 11 de agosto. Em Fortaleza, a concentra\u00e7\u00e3o foi na Pra\u00e7a da Bandeira com manifesta\u00e7\u00f5es contra o discurso golpista do presidente Jair Bolsonaro. Em todo o Brasil, candidatos \u00e0 Presid\u00eancia da Rep\u00fablica, deputados, senadores e outros pol\u00edticos repercutiram nas redes sociais o ato em defesa da democracia e das elei\u00e7\u00f5es promovido&hellip;<\/p>\n","protected":false},"author":1,"featured_media":26416,"comment_status":"open","ping_status":"open","sticky":false,"template":"","format":"standard","meta":{"footnotes":""},"categories":[1],"tags":[],"class_list":["post-26415","post","type-post","status-publish","format-standard","has-post-thumbnail","hentry","category-noticias"],"_links":{"self":[{"href":"https:\/\/blogdorogeriogomes.com.br\/noticias\/wp-json\/wp\/v2\/posts\/26415","targetHints":{"allow":["GET"]}}],"collection":[{"href":"https:\/\/blogdorogeriogomes.com.br\/noticias\/wp-json\/wp\/v2\/posts"}],"about":[{"href":"https:\/\/blogdorogeriogomes.com.br\/noticias\/wp-json\/wp\/v2\/types\/post"}],"author":[{"embeddable":true,"href":"https:\/\/blogdorogeriogomes.com.br\/noticias\/wp-json\/wp\/v2\/users\/1"}],"replies":[{"embeddable":true,"href":"https:\/\/blogdorogeriogomes.com.br\/noticias\/wp-json\/wp\/v2\/comments?post=26415"}],"version-history":[{"count":1,"href":"https:\/\/blogdorogeriogomes.com.br\/noticias\/wp-json\/wp\/v2\/posts\/26415\/revisions"}],"predecessor-version":[{"id":26417,"href":"https:\/\/blogdorogeriogomes.com.br\/noticias\/wp-json\/wp\/v2\/posts\/26415\/revisions\/26417"}],"wp:featuredmedia":[{"embeddable":true,"href":"https:\/\/blogdorogeriogomes.com.br\/noticias\/wp-json\/wp\/v2\/media\/26416"}],"wp:attachment":[{"href":"https:\/\/blogdorogeriogomes.com.br\/noticias\/wp-json\/wp\/v2\/media?parent=26415"}],"wp:term":[{"taxonomy":"category","embeddable":true,"href":"https:\/\/blogdorogeriogomes.com.br\/noticias\/wp-json\/wp\/v2\/categories?post=26415"},{"taxonomy":"post_tag","embeddable":true,"href":"https:\/\/blogdorogeriogomes.com.br\/noticias\/wp-json\/wp\/v2\/tags?post=26415"}],"curies":[{"name":"wp","href":"https:\/\/api.w.org\/{rel}","templated":true}]}}