{"id":26422,"date":"2022-08-12T11:19:46","date_gmt":"2022-08-12T11:19:46","guid":{"rendered":"https:\/\/blogdorogeriogomes.com.br\/?p=26422"},"modified":"2022-08-12T11:59:56","modified_gmt":"2022-08-12T11:59:56","slug":"em-sessao-virtual-do-stf-andre-mendonca-pede-vistas-e-suspende-pacote-de-julgamentos-que-envolvem-o-presidente-jair-bolsonaro","status":"publish","type":"post","link":"https:\/\/blogdorogeriogomes.com.br\/noticias\/2022\/08\/em-sessao-virtual-do-stf-andre-mendonca-pede-vistas-e-suspende-pacote-de-julgamentos-que-envolvem-o-presidente-jair-bolsonaro\/","title":{"rendered":"Em sess\u00e3o virtual do STF, Andr\u00e9 Mendon\u00e7a pede vistas e suspende pacote de julgamentos que envolvem o presidente Jair Bolsonaro"},"content":{"rendered":"\n<p>Na madrugada desta sexta-feira, dia 12 de agosto, o ministro do STF, Andr\u00e9 Mendon\u00e7a, indicado pelo presidente Jair Bolsonaro, pediu vista em sess\u00f5es virtuais que analisariam casos sens\u00edveis ao Pal\u00e1cio do Planalto. Os recursos s\u00e3o referentes a decis\u00f5es que o ministro Alexandre de Moraes tomou nessas investiga\u00e7\u00f5es que envolvem diretamente Jair Bolsonaro. A maioria deles estava sob sigilo e foi levada para avalia\u00e7\u00e3o dos 11 integrantes do tribunal.<\/p>\n\n\n\n<p>Estavam em pauta o recurso da Procuradoria-Geral da Rep\u00fablica (PGR) contra decis\u00e3o do ministro Alexandre de Moraes que determinou abertura de inqu\u00e9rito para apurar&nbsp;fala de Bolsonaro que ligou vacina contra a Covid ao risco de contrair HIV. Tamb\u00e9m espera ser julgado o recurso da Advocacia-Geral da Uni\u00e3o (AGU) contra decis\u00e3o de Moraes que determinou que a Pol\u00edcia Federal elabore um relat\u00f3rio sobre as mensagens, obtidas ap\u00f3s quebra de sigilo, no inqu\u00e9rito que apura o&nbsp;vazamento de dados sigilosos pelo presidente Jair Bolsonaro.<\/p>\n\n\n\n<figure class=\"wp-block-image size-full\"><img loading=\"lazy\" decoding=\"async\" width=\"800\" height=\"384\" src=\"https:\/\/blogdorogeriogomes.com.br\/wp-content\/uploads\/2022\/08\/images-43.jpeg\" alt=\"\" class=\"wp-image-26423\" srcset=\"https:\/\/blogdorogeriogomes.com.br\/noticias\/wp-content\/uploads\/2022\/08\/images-43.jpeg 800w, https:\/\/blogdorogeriogomes.com.br\/noticias\/wp-content\/uploads\/2022\/08\/images-43-300x144.jpeg 300w, https:\/\/blogdorogeriogomes.com.br\/noticias\/wp-content\/uploads\/2022\/08\/images-43-768x369.jpeg 768w\" sizes=\"auto, (max-width: 800px) 100vw, 800px\" \/><\/figure>\n","protected":false},"excerpt":{"rendered":"<p>Na madrugada desta sexta-feira, dia 12 de agosto, o ministro do STF, Andr\u00e9 Mendon\u00e7a, indicado pelo presidente Jair Bolsonaro, pediu vista em sess\u00f5es virtuais que analisariam casos sens\u00edveis ao Pal\u00e1cio do Planalto. Os recursos s\u00e3o referentes a decis\u00f5es que o ministro Alexandre de Moraes tomou nessas investiga\u00e7\u00f5es que envolvem diretamente Jair Bolsonaro. A maioria deles estava sob sigilo e foi levada para avalia\u00e7\u00e3o dos 11 integrantes do tribunal. Estavam em pauta o recurso da Procuradoria-Geral da Rep\u00fablica (PGR) contra&hellip;<\/p>\n","protected":false},"author":1,"featured_media":26423,"comment_status":"open","ping_status":"open","sticky":false,"template":"","format":"standard","meta":{"footnotes":""},"categories":[1],"tags":[],"class_list":["post-26422","post","type-post","status-publish","format-standard","has-post-thumbnail","hentry","category-noticias"],"_links":{"self":[{"href":"https:\/\/blogdorogeriogomes.com.br\/noticias\/wp-json\/wp\/v2\/posts\/26422","targetHints":{"allow":["GET"]}}],"collection":[{"href":"https:\/\/blogdorogeriogomes.com.br\/noticias\/wp-json\/wp\/v2\/posts"}],"about":[{"href":"https:\/\/blogdorogeriogomes.com.br\/noticias\/wp-json\/wp\/v2\/types\/post"}],"author":[{"embeddable":true,"href":"https:\/\/blogdorogeriogomes.com.br\/noticias\/wp-json\/wp\/v2\/users\/1"}],"replies":[{"embeddable":true,"href":"https:\/\/blogdorogeriogomes.com.br\/noticias\/wp-json\/wp\/v2\/comments?post=26422"}],"version-history":[{"count":2,"href":"https:\/\/blogdorogeriogomes.com.br\/noticias\/wp-json\/wp\/v2\/posts\/26422\/revisions"}],"predecessor-version":[{"id":26429,"href":"https:\/\/blogdorogeriogomes.com.br\/noticias\/wp-json\/wp\/v2\/posts\/26422\/revisions\/26429"}],"wp:featuredmedia":[{"embeddable":true,"href":"https:\/\/blogdorogeriogomes.com.br\/noticias\/wp-json\/wp\/v2\/media\/26423"}],"wp:attachment":[{"href":"https:\/\/blogdorogeriogomes.com.br\/noticias\/wp-json\/wp\/v2\/media?parent=26422"}],"wp:term":[{"taxonomy":"category","embeddable":true,"href":"https:\/\/blogdorogeriogomes.com.br\/noticias\/wp-json\/wp\/v2\/categories?post=26422"},{"taxonomy":"post_tag","embeddable":true,"href":"https:\/\/blogdorogeriogomes.com.br\/noticias\/wp-json\/wp\/v2\/tags?post=26422"}],"curies":[{"name":"wp","href":"https:\/\/api.w.org\/{rel}","templated":true}]}}