{"id":26425,"date":"2022-08-12T11:39:39","date_gmt":"2022-08-12T11:39:39","guid":{"rendered":"https:\/\/blogdorogeriogomes.com.br\/?p=26425"},"modified":"2022-08-12T11:59:48","modified_gmt":"2022-08-12T11:59:48","slug":"mp-aciona-tcu-para-barrar-salarios-de-ate-r-1-milhao-recebidos-por-general-braga-netto-e-outros-militares-na-pandemia-da-covid","status":"publish","type":"post","link":"https:\/\/blogdorogeriogomes.com.br\/noticias\/2022\/08\/mp-aciona-tcu-para-barrar-salarios-de-ate-r-1-milhao-recebidos-por-general-braga-netto-e-outros-militares-na-pandemia-da-covid\/","title":{"rendered":"MP aciona TCU para barrar sal\u00e1rios de at\u00e9 R$ 1 milh\u00e3o recebidos por General Braga Netto e outros militares na pandemia da Covid"},"content":{"rendered":"\n<p>O Minist\u00e9rio P\u00fablico acionou o Tribunal de Contas da Uni\u00e3o (TCU) para barrar o pagamento de sal\u00e1rios turbinados a militares ligados ao governo de Jair Bolsonaro (PL). Os benef\u00edcios chegaram a R$ 926 mil para o general Walter Braga Netto, candidato a vice na chapa &nbsp;de Bolsonaro, em dois meses em 2020, no auge da pandemia de covid-19. S\u00f3 de f\u00e9rias, foram R$ 120 mil pagos ao general em um \u00fanico m\u00eas.&nbsp;<\/p>\n\n\n\n<p>Outros militares do governo tiveram a folha de pagamento turbinada naquele ano. Est\u00e3o na lista o ministro da Secretaria-Geral da Presid\u00eancia, Luiz Eduardo Ramos, e o ex-ministro de Minas e Energia, Bento Albuquerque. Para o Minist\u00e9rio P\u00fablico junto ao TCU, os pagamentos afrontam princ\u00edpios da administra\u00e7\u00e3o p\u00fablica.&nbsp;<\/p>\n\n\n\n<figure class=\"wp-block-image size-full\"><img loading=\"lazy\" decoding=\"async\" width=\"716\" height=\"428\" src=\"https:\/\/blogdorogeriogomes.com.br\/wp-content\/uploads\/2022\/08\/images-44.jpeg\" alt=\"\" class=\"wp-image-26426\" srcset=\"https:\/\/blogdorogeriogomes.com.br\/noticias\/wp-content\/uploads\/2022\/08\/images-44.jpeg 716w, https:\/\/blogdorogeriogomes.com.br\/noticias\/wp-content\/uploads\/2022\/08\/images-44-300x179.jpeg 300w\" sizes=\"auto, (max-width: 716px) 100vw, 716px\" \/><\/figure>\n","protected":false},"excerpt":{"rendered":"<p>O Minist\u00e9rio P\u00fablico acionou o Tribunal de Contas da Uni\u00e3o (TCU) para barrar o pagamento de sal\u00e1rios turbinados a militares ligados ao governo de Jair Bolsonaro (PL). Os benef\u00edcios chegaram a R$ 926 mil para o general Walter Braga Netto, candidato a vice na chapa &nbsp;de Bolsonaro, em dois meses em 2020, no auge da pandemia de covid-19. S\u00f3 de f\u00e9rias, foram R$ 120 mil pagos ao general em um \u00fanico m\u00eas.&nbsp; Outros militares do governo tiveram a folha&hellip;<\/p>\n","protected":false},"author":1,"featured_media":26426,"comment_status":"open","ping_status":"open","sticky":false,"template":"","format":"standard","meta":{"footnotes":""},"categories":[1],"tags":[],"class_list":["post-26425","post","type-post","status-publish","format-standard","has-post-thumbnail","hentry","category-noticias"],"_links":{"self":[{"href":"https:\/\/blogdorogeriogomes.com.br\/noticias\/wp-json\/wp\/v2\/posts\/26425","targetHints":{"allow":["GET"]}}],"collection":[{"href":"https:\/\/blogdorogeriogomes.com.br\/noticias\/wp-json\/wp\/v2\/posts"}],"about":[{"href":"https:\/\/blogdorogeriogomes.com.br\/noticias\/wp-json\/wp\/v2\/types\/post"}],"author":[{"embeddable":true,"href":"https:\/\/blogdorogeriogomes.com.br\/noticias\/wp-json\/wp\/v2\/users\/1"}],"replies":[{"embeddable":true,"href":"https:\/\/blogdorogeriogomes.com.br\/noticias\/wp-json\/wp\/v2\/comments?post=26425"}],"version-history":[{"count":2,"href":"https:\/\/blogdorogeriogomes.com.br\/noticias\/wp-json\/wp\/v2\/posts\/26425\/revisions"}],"predecessor-version":[{"id":26428,"href":"https:\/\/blogdorogeriogomes.com.br\/noticias\/wp-json\/wp\/v2\/posts\/26425\/revisions\/26428"}],"wp:featuredmedia":[{"embeddable":true,"href":"https:\/\/blogdorogeriogomes.com.br\/noticias\/wp-json\/wp\/v2\/media\/26426"}],"wp:attachment":[{"href":"https:\/\/blogdorogeriogomes.com.br\/noticias\/wp-json\/wp\/v2\/media?parent=26425"}],"wp:term":[{"taxonomy":"category","embeddable":true,"href":"https:\/\/blogdorogeriogomes.com.br\/noticias\/wp-json\/wp\/v2\/categories?post=26425"},{"taxonomy":"post_tag","embeddable":true,"href":"https:\/\/blogdorogeriogomes.com.br\/noticias\/wp-json\/wp\/v2\/tags?post=26425"}],"curies":[{"name":"wp","href":"https:\/\/api.w.org\/{rel}","templated":true}]}}