{"id":26433,"date":"2022-08-12T18:59:06","date_gmt":"2022-08-12T18:59:06","guid":{"rendered":"https:\/\/blogdorogeriogomes.com.br\/?p=26433"},"modified":"2022-08-16T13:10:04","modified_gmt":"2022-08-16T13:10:04","slug":"jose-sarto-faz-proposta-aos-professores-municipais-para-resolver-pagamento-dos-precatorios-do-fundef","status":"publish","type":"post","link":"https:\/\/blogdorogeriogomes.com.br\/noticias\/2022\/08\/jose-sarto-faz-proposta-aos-professores-municipais-para-resolver-pagamento-dos-precatorios-do-fundef\/","title":{"rendered":"Jos\u00e9 Sarto faz proposta aos professores municipais para resolver pagamento dos precat\u00f3rios do Fundef"},"content":{"rendered":"\n<p>A categoria dos professores municipais fez um protesto nesta sexta-feira, dia 12 de agosto, no Pa\u00e7o Municipal, para cobrar da Prefeitura de Fortaleza o pagamento de precat\u00f3rios do antigo Fundo de Manuten\u00e7\u00e3o e Desenvolvimento do Ensino Fundamental e de Valoriza\u00e7\u00e3o do Magist\u00e9rio (Fundef).<\/p>\n\n\n\n<p>Ainda na tarde desta quinta-feira, dia 11, representantes do Sindiute, entidade sindical dos professores municipais, se reuniram com o prefeito Jos\u00e9 Sarto. Ele prometeu enviar ainda este m\u00eas para a C\u00e2mara Municipal um projeto de lei destinando 80% do valor dos precat\u00f3rios para os profissionais da Educa\u00e7\u00e3o.<\/p>\n\n\n\n<p>Em rela\u00e7\u00e3o a outras reivindica\u00e7\u00f5es dos profissionais de educa\u00e7\u00e3o da rede municipal, foi oferecido em rela\u00e7\u00e3o a pec\u00fania que haver\u00e1 uma nova convoca\u00e7\u00e3o para ades\u00e3o ainda neste m\u00eas de agosto, com o in\u00edcio de pagamento do primeiro lote a partir da folha de setembro pr\u00f3ximo.<\/p>\n\n\n\n<p>Sobre empr\u00e9stimos consignados, a Prefeitura vai enviar para aprecia\u00e7\u00e3o da C\u00e2mara Municipal um Projeto de Lei que amplia a margem de 30% para 35%. Quanto \u00e0s aposentadorias, a gest\u00e3o municipal vai analisar, at\u00e9 o m\u00eas de setembro, a viabilidade das propostas apontadas pelo Sindicato &#8211; cria\u00e7\u00e3o de abono, aumento do teto previdenci\u00e1rio e redu\u00e7\u00e3o do desconto do IPM Sa\u00fade.<\/p>\n\n\n\n<figure class=\"wp-block-image size-large\"><img loading=\"lazy\" decoding=\"async\" width=\"1024\" height=\"683\" src=\"https:\/\/blogdorogeriogomes.com.br\/wp-content\/uploads\/2022\/08\/manifestacao___paco___municipal___professores___19__1-19415639-1024x683.jpg\" alt=\"\" class=\"wp-image-26435\" srcset=\"https:\/\/blogdorogeriogomes.com.br\/noticias\/wp-content\/uploads\/2022\/08\/manifestacao___paco___municipal___professores___19__1-19415639-1024x683.jpg 1024w, https:\/\/blogdorogeriogomes.com.br\/noticias\/wp-content\/uploads\/2022\/08\/manifestacao___paco___municipal___professores___19__1-19415639-300x200.jpg 300w, https:\/\/blogdorogeriogomes.com.br\/noticias\/wp-content\/uploads\/2022\/08\/manifestacao___paco___municipal___professores___19__1-19415639-768x512.jpg 768w, https:\/\/blogdorogeriogomes.com.br\/noticias\/wp-content\/uploads\/2022\/08\/manifestacao___paco___municipal___professores___19__1-19415639-1536x1024.jpg 1536w, https:\/\/blogdorogeriogomes.com.br\/noticias\/wp-content\/uploads\/2022\/08\/manifestacao___paco___municipal___professores___19__1-19415639-800x533.jpg 800w, https:\/\/blogdorogeriogomes.com.br\/noticias\/wp-content\/uploads\/2022\/08\/manifestacao___paco___municipal___professores___19__1-19415639.jpg 1920w\" sizes=\"auto, (max-width: 1024px) 100vw, 1024px\" \/><\/figure>\n\n\n\n<p><br><\/p>\n\n\n\n<p><br><\/p>\n","protected":false},"excerpt":{"rendered":"<p>A categoria dos professores municipais fez um protesto nesta sexta-feira, dia 12 de agosto, no Pa\u00e7o Municipal, para cobrar da Prefeitura de Fortaleza o pagamento de precat\u00f3rios do antigo Fundo de Manuten\u00e7\u00e3o e Desenvolvimento do Ensino Fundamental e de Valoriza\u00e7\u00e3o do Magist\u00e9rio (Fundef). Ainda na tarde desta quinta-feira, dia 11, representantes do Sindiute, entidade sindical dos professores municipais, se reuniram com o prefeito Jos\u00e9 Sarto. Ele prometeu enviar ainda este m\u00eas para a C\u00e2mara Municipal um projeto de lei&hellip;<\/p>\n","protected":false},"author":1,"featured_media":26435,"comment_status":"open","ping_status":"open","sticky":false,"template":"","format":"standard","meta":{"footnotes":""},"categories":[1],"tags":[],"class_list":["post-26433","post","type-post","status-publish","format-standard","has-post-thumbnail","hentry","category-noticias"],"_links":{"self":[{"href":"https:\/\/blogdorogeriogomes.com.br\/noticias\/wp-json\/wp\/v2\/posts\/26433","targetHints":{"allow":["GET"]}}],"collection":[{"href":"https:\/\/blogdorogeriogomes.com.br\/noticias\/wp-json\/wp\/v2\/posts"}],"about":[{"href":"https:\/\/blogdorogeriogomes.com.br\/noticias\/wp-json\/wp\/v2\/types\/post"}],"author":[{"embeddable":true,"href":"https:\/\/blogdorogeriogomes.com.br\/noticias\/wp-json\/wp\/v2\/users\/1"}],"replies":[{"embeddable":true,"href":"https:\/\/blogdorogeriogomes.com.br\/noticias\/wp-json\/wp\/v2\/comments?post=26433"}],"version-history":[{"count":1,"href":"https:\/\/blogdorogeriogomes.com.br\/noticias\/wp-json\/wp\/v2\/posts\/26433\/revisions"}],"predecessor-version":[{"id":26436,"href":"https:\/\/blogdorogeriogomes.com.br\/noticias\/wp-json\/wp\/v2\/posts\/26433\/revisions\/26436"}],"wp:featuredmedia":[{"embeddable":true,"href":"https:\/\/blogdorogeriogomes.com.br\/noticias\/wp-json\/wp\/v2\/media\/26435"}],"wp:attachment":[{"href":"https:\/\/blogdorogeriogomes.com.br\/noticias\/wp-json\/wp\/v2\/media?parent=26433"}],"wp:term":[{"taxonomy":"category","embeddable":true,"href":"https:\/\/blogdorogeriogomes.com.br\/noticias\/wp-json\/wp\/v2\/categories?post=26433"},{"taxonomy":"post_tag","embeddable":true,"href":"https:\/\/blogdorogeriogomes.com.br\/noticias\/wp-json\/wp\/v2\/tags?post=26433"}],"curies":[{"name":"wp","href":"https:\/\/api.w.org\/{rel}","templated":true}]}}