{"id":26444,"date":"2022-08-15T13:19:42","date_gmt":"2022-08-15T13:19:42","guid":{"rendered":"https:\/\/blogdorogeriogomes.com.br\/?p=26444"},"modified":"2022-08-16T13:09:17","modified_gmt":"2022-08-16T13:09:17","slug":"duas-pesquisas-mostram-capitao-wagner-na-lideranca-no-ceara-roberto-claudio-e-segundo-mas-elmano-de-freitas-ja-encosta-no-pedetista","status":"publish","type":"post","link":"https:\/\/blogdorogeriogomes.com.br\/noticias\/2022\/08\/duas-pesquisas-mostram-capitao-wagner-na-lideranca-no-ceara-roberto-claudio-e-segundo-mas-elmano-de-freitas-ja-encosta-no-pedetista\/","title":{"rendered":"Duas pesquisas mostram Capit\u00e3o Wagner na lideran\u00e7a no Cear\u00e1. Roberto Cl\u00e1udio \u00e9 segundo, mas Elmano de Freitas j\u00e1 encosta no pedetista"},"content":{"rendered":"\n<p>A campanha eleitoral nas ruas come\u00e7a oficialmente nesta ter\u00e7a-feira, dia 16 de agosto. Duas pesquisas divulgadas nos \u00faltimos dias no Cear\u00e1 revelam que o candidato do Uni\u00e3o Brasil, Capit\u00e3o Wagner, continua na lideran\u00e7a da corrida pelo Governo do Estado. Em segundo lugar aparece Roberto Cl\u00e1udio (PDT) seguido j\u00e1 de perto por Elmano de Freitas (PT). As pesquisas foram realizadas pelo Instituto Paran\u00e1 e Verit\u00e1. Confira os n\u00fameros:<\/p>\n\n\n\n<p>PARAN\u00c1<\/p>\n\n\n\n<p>CAPIT\u00c3O WAGNER (UB) : 40.1%<br>ROBERTO CL\u00c1UDIO (PDT) : 23,1%<br>ELMANO DE FREITAS (PT) : 17,7%<\/p>\n\n\n\n<p>VERIT\u00c1<\/p>\n\n\n\n<p>CAPIT\u00c3O WAGNER (UB): 38,6%<br>ROBERTO CL\u00c1UDIO (PDT): 20,1%<br>ELMANO DE FREITAS (PT) 19%<\/p>\n\n\n\n<p>Na disputa para a vaga no Senado, segundo o Paran\u00e1 Pesquisas, o ex-governador Camilo Santana aparece isolado na frente. Ele soma 62,4%. Kamila Cardoso (Uni\u00e3o Brasil) 3,1%, Amar\u00edlio Macedo (PSDB), 2,2%, Carlos Silva (PSTU) com 0,8% e Paulo Anac\u00e9 (PSOL) com 0,1%.<\/p>\n\n\n\n<figure class=\"wp-block-image size-full\"><img loading=\"lazy\" decoding=\"async\" width=\"739\" height=\"415\" src=\"https:\/\/blogdorogeriogomes.com.br\/wp-content\/uploads\/2022\/08\/images-46.jpeg\" alt=\"\" class=\"wp-image-26445\" srcset=\"https:\/\/blogdorogeriogomes.com.br\/noticias\/wp-content\/uploads\/2022\/08\/images-46.jpeg 739w, https:\/\/blogdorogeriogomes.com.br\/noticias\/wp-content\/uploads\/2022\/08\/images-46-300x168.jpeg 300w\" sizes=\"auto, (max-width: 739px) 100vw, 739px\" \/><\/figure>\n\n\n\n<p><br><br><\/p>\n\n\n\n<p><\/p>\n","protected":false},"excerpt":{"rendered":"<p>A campanha eleitoral nas ruas come\u00e7a oficialmente nesta ter\u00e7a-feira, dia 16 de agosto. Duas pesquisas divulgadas nos \u00faltimos dias no Cear\u00e1 revelam que o candidato do Uni\u00e3o Brasil, Capit\u00e3o Wagner, continua na lideran\u00e7a da corrida pelo Governo do Estado. Em segundo lugar aparece Roberto Cl\u00e1udio (PDT) seguido j\u00e1 de perto por Elmano de Freitas (PT). As pesquisas foram realizadas pelo Instituto Paran\u00e1 e Verit\u00e1. Confira os n\u00fameros: PARAN\u00c1 CAPIT\u00c3O WAGNER (UB) : 40.1%ROBERTO CL\u00c1UDIO (PDT) : 23,1%ELMANO DE FREITAS&hellip;<\/p>\n","protected":false},"author":1,"featured_media":26445,"comment_status":"open","ping_status":"open","sticky":false,"template":"","format":"standard","meta":{"footnotes":""},"categories":[1],"tags":[],"class_list":["post-26444","post","type-post","status-publish","format-standard","has-post-thumbnail","hentry","category-noticias"],"_links":{"self":[{"href":"https:\/\/blogdorogeriogomes.com.br\/noticias\/wp-json\/wp\/v2\/posts\/26444","targetHints":{"allow":["GET"]}}],"collection":[{"href":"https:\/\/blogdorogeriogomes.com.br\/noticias\/wp-json\/wp\/v2\/posts"}],"about":[{"href":"https:\/\/blogdorogeriogomes.com.br\/noticias\/wp-json\/wp\/v2\/types\/post"}],"author":[{"embeddable":true,"href":"https:\/\/blogdorogeriogomes.com.br\/noticias\/wp-json\/wp\/v2\/users\/1"}],"replies":[{"embeddable":true,"href":"https:\/\/blogdorogeriogomes.com.br\/noticias\/wp-json\/wp\/v2\/comments?post=26444"}],"version-history":[{"count":1,"href":"https:\/\/blogdorogeriogomes.com.br\/noticias\/wp-json\/wp\/v2\/posts\/26444\/revisions"}],"predecessor-version":[{"id":26446,"href":"https:\/\/blogdorogeriogomes.com.br\/noticias\/wp-json\/wp\/v2\/posts\/26444\/revisions\/26446"}],"wp:featuredmedia":[{"embeddable":true,"href":"https:\/\/blogdorogeriogomes.com.br\/noticias\/wp-json\/wp\/v2\/media\/26445"}],"wp:attachment":[{"href":"https:\/\/blogdorogeriogomes.com.br\/noticias\/wp-json\/wp\/v2\/media?parent=26444"}],"wp:term":[{"taxonomy":"category","embeddable":true,"href":"https:\/\/blogdorogeriogomes.com.br\/noticias\/wp-json\/wp\/v2\/categories?post=26444"},{"taxonomy":"post_tag","embeddable":true,"href":"https:\/\/blogdorogeriogomes.com.br\/noticias\/wp-json\/wp\/v2\/tags?post=26444"}],"curies":[{"name":"wp","href":"https:\/\/api.w.org\/{rel}","templated":true}]}}