{"id":26447,"date":"2022-08-15T23:08:49","date_gmt":"2022-08-15T23:08:49","guid":{"rendered":"https:\/\/blogdorogeriogomes.com.br\/?p=26447"},"modified":"2022-08-16T13:09:06","modified_gmt":"2022-08-16T13:09:06","slug":"comeca-nesta-terca-feira-a-campanha-dos-candidatos-ao-governo-do-estado-confira-agenda-dos-candidatos","status":"publish","type":"post","link":"https:\/\/blogdorogeriogomes.com.br\/noticias\/2022\/08\/comeca-nesta-terca-feira-a-campanha-dos-candidatos-ao-governo-do-estado-confira-agenda-dos-candidatos\/","title":{"rendered":"Come\u00e7a nesta ter\u00e7a-feira a campanha dos candidatos ao Governo do Estado. Confira agenda dos candidatos"},"content":{"rendered":"\n<p>Os candidatos ao Governo do Cear\u00e1 d\u00e3o largada oficialmente \u00e0 campanha nas ruas, a partir desta ter\u00e7a-feira, dia 16 de agosto. Capit\u00e3o Wagner (Uni\u00e3o Brasil), Roberto Cl\u00e1udio (PDT) e Elmano de Freitas (PT), que est\u00e3o melhor situados nas pesquisas, prometem realizar uma forte ofensiva na Capital e no interior para conquistar o voto do eleitor at\u00e9 o dia 2 de outubro, quando ocorre o 1\u00b0 turno das Elei\u00e7\u00f5es 2022.<\/p>\n\n\n\n<p>Nesta ter\u00e7a-feira, Capit\u00e3o Wagner participa da posse do vereador Wagner Lobo, na C\u00e2mara Municipal de Fortaleza, faz adesiva\u00e7o e bandeira\u00e7o em bairros de Fortaleza.<\/p>\n\n\n\n<p>Roberto Cl\u00e1udio faz caminhada pela manh\u00e3 no Mercado Central de Fortaleza e tem agendas em S\u00e3o Gon\u00e7alo do Amarante, Aracati e Tau\u00e1.<\/p>\n\n\n\n<p>J\u00e1 Elmano de Freitas estar\u00e1 acompanhado do ex-governador Camilo Santana (PT), nesta ter\u00e7a-feira, em atividade na Esta\u00e7\u00e3o do VLT no bairro Parangaba, em Fortaleza. Os dois tamb\u00e9m ter\u00e3o agendas em Canind\u00e9, Juazeiro do Norte, Barbalha e Crato. Far\u00e3o visitas as monumentos religiosos nas quatro cidades.<\/p>\n\n\n\n<figure class=\"wp-block-image size-full\"><img loading=\"lazy\" decoding=\"async\" width=\"738\" height=\"415\" src=\"https:\/\/blogdorogeriogomes.com.br\/wp-content\/uploads\/2022\/08\/images-47.jpeg\" alt=\"\" class=\"wp-image-26448\" srcset=\"https:\/\/blogdorogeriogomes.com.br\/noticias\/wp-content\/uploads\/2022\/08\/images-47.jpeg 738w, https:\/\/blogdorogeriogomes.com.br\/noticias\/wp-content\/uploads\/2022\/08\/images-47-300x169.jpeg 300w\" sizes=\"auto, (max-width: 738px) 100vw, 738px\" \/><\/figure>\n\n\n\n<p><\/p>\n\n\n\n<p><\/p>\n","protected":false},"excerpt":{"rendered":"<p>Os candidatos ao Governo do Cear\u00e1 d\u00e3o largada oficialmente \u00e0 campanha nas ruas, a partir desta ter\u00e7a-feira, dia 16 de agosto. Capit\u00e3o Wagner (Uni\u00e3o Brasil), Roberto Cl\u00e1udio (PDT) e Elmano de Freitas (PT), que est\u00e3o melhor situados nas pesquisas, prometem realizar uma forte ofensiva na Capital e no interior para conquistar o voto do eleitor at\u00e9 o dia 2 de outubro, quando ocorre o 1\u00b0 turno das Elei\u00e7\u00f5es 2022. Nesta ter\u00e7a-feira, Capit\u00e3o Wagner participa da posse do vereador Wagner&hellip;<\/p>\n","protected":false},"author":1,"featured_media":26448,"comment_status":"open","ping_status":"open","sticky":false,"template":"","format":"standard","meta":{"footnotes":""},"categories":[1],"tags":[],"class_list":["post-26447","post","type-post","status-publish","format-standard","has-post-thumbnail","hentry","category-noticias"],"_links":{"self":[{"href":"https:\/\/blogdorogeriogomes.com.br\/noticias\/wp-json\/wp\/v2\/posts\/26447","targetHints":{"allow":["GET"]}}],"collection":[{"href":"https:\/\/blogdorogeriogomes.com.br\/noticias\/wp-json\/wp\/v2\/posts"}],"about":[{"href":"https:\/\/blogdorogeriogomes.com.br\/noticias\/wp-json\/wp\/v2\/types\/post"}],"author":[{"embeddable":true,"href":"https:\/\/blogdorogeriogomes.com.br\/noticias\/wp-json\/wp\/v2\/users\/1"}],"replies":[{"embeddable":true,"href":"https:\/\/blogdorogeriogomes.com.br\/noticias\/wp-json\/wp\/v2\/comments?post=26447"}],"version-history":[{"count":1,"href":"https:\/\/blogdorogeriogomes.com.br\/noticias\/wp-json\/wp\/v2\/posts\/26447\/revisions"}],"predecessor-version":[{"id":26449,"href":"https:\/\/blogdorogeriogomes.com.br\/noticias\/wp-json\/wp\/v2\/posts\/26447\/revisions\/26449"}],"wp:featuredmedia":[{"embeddable":true,"href":"https:\/\/blogdorogeriogomes.com.br\/noticias\/wp-json\/wp\/v2\/media\/26448"}],"wp:attachment":[{"href":"https:\/\/blogdorogeriogomes.com.br\/noticias\/wp-json\/wp\/v2\/media?parent=26447"}],"wp:term":[{"taxonomy":"category","embeddable":true,"href":"https:\/\/blogdorogeriogomes.com.br\/noticias\/wp-json\/wp\/v2\/categories?post=26447"},{"taxonomy":"post_tag","embeddable":true,"href":"https:\/\/blogdorogeriogomes.com.br\/noticias\/wp-json\/wp\/v2\/tags?post=26447"}],"curies":[{"name":"wp","href":"https:\/\/api.w.org\/{rel}","templated":true}]}}