{"id":26453,"date":"2022-08-16T12:01:30","date_gmt":"2022-08-16T12:01:30","guid":{"rendered":"https:\/\/blogdorogeriogomes.com.br\/?p=26453"},"modified":"2022-08-16T13:08:47","modified_gmt":"2022-08-16T13:08:47","slug":"alexandre-de-moraes-toma-posse-no-tse-com-presencas-confirmadas-de-lula-dilma-e-bolsonaro","status":"publish","type":"post","link":"https:\/\/blogdorogeriogomes.com.br\/noticias\/2022\/08\/alexandre-de-moraes-toma-posse-no-tse-com-presencas-confirmadas-de-lula-dilma-e-bolsonaro\/","title":{"rendered":"Alexandre de Moraes toma posse no TSE com presen\u00e7as confirmadas de Lula, Dilma e Bolsonaro"},"content":{"rendered":"\n<p>O presidente Jair Bolsonaro (PL) e o ex-presidente Lula (PT) devem se encontrar na posse do ministro do STF, Alexandre de Moraes, como novo presidente do Tribunal Superior Eleitoral (TSE) nesta ter\u00e7a-feira, dia 16 de agosto. Ciro Gomes (PDT), Simone Tebet (MDB) e a ex-presidente Dilma Rousseff (PT) tamb\u00e9m devem marcar presen\u00e7a na cerim\u00f4nia marcada para \u00e0s 19 horas.<\/p>\n\n\n\n<p>O evento deve contar com cerca de duas mil pessoas. A governadora do Cear\u00e1, Izolda Cela, tamb\u00e9m estar\u00e1 na posse de Alexandre de Moraes, que ter\u00e1 como vice no TSE, o ministro Ricardo Lewandowski.<\/p>\n\n\n\n<p>A posse de Moraes ganhou um grau de import\u00e2ncia diante dos seus discursos enf\u00e1ticos em defesa do sistema eleitoral e das urnas eletr\u00f4nicas, enquanto o presidente&nbsp;Jair Bolsonaro e apoiadores tentam impor \u00e0 sociedade um cen\u00e1rio de desconfian\u00e7a com o sistema eleitoral brasileiro, mas sem nenhuma prova. A chegada de Alexandre de Moraes ao TSE chega em conjunto com a carta da Democracia assinada por mais de um milh\u00e3o de pessoas, que defende elei\u00e7\u00f5es livres no Pa\u00eds com a utiliza\u00e7\u00e3o do sistema eletr\u00f4nico.<\/p>\n\n\n\n<figure class=\"wp-block-image size-full\"><img loading=\"lazy\" decoding=\"async\" width=\"739\" height=\"415\" src=\"https:\/\/blogdorogeriogomes.com.br\/wp-content\/uploads\/2022\/08\/images-49.jpeg\" alt=\"\" class=\"wp-image-26454\" srcset=\"https:\/\/blogdorogeriogomes.com.br\/noticias\/wp-content\/uploads\/2022\/08\/images-49.jpeg 739w, https:\/\/blogdorogeriogomes.com.br\/noticias\/wp-content\/uploads\/2022\/08\/images-49-300x168.jpeg 300w\" sizes=\"auto, (max-width: 739px) 100vw, 739px\" \/><\/figure>\n","protected":false},"excerpt":{"rendered":"<p>O presidente Jair Bolsonaro (PL) e o ex-presidente Lula (PT) devem se encontrar na posse do ministro do STF, Alexandre de Moraes, como novo presidente do Tribunal Superior Eleitoral (TSE) nesta ter\u00e7a-feira, dia 16 de agosto. Ciro Gomes (PDT), Simone Tebet (MDB) e a ex-presidente Dilma Rousseff (PT) tamb\u00e9m devem marcar presen\u00e7a na cerim\u00f4nia marcada para \u00e0s 19 horas. O evento deve contar com cerca de duas mil pessoas. A governadora do Cear\u00e1, Izolda Cela, tamb\u00e9m estar\u00e1 na posse&hellip;<\/p>\n","protected":false},"author":1,"featured_media":26454,"comment_status":"open","ping_status":"open","sticky":false,"template":"","format":"standard","meta":{"footnotes":""},"categories":[1],"tags":[],"class_list":["post-26453","post","type-post","status-publish","format-standard","has-post-thumbnail","hentry","category-noticias"],"_links":{"self":[{"href":"https:\/\/blogdorogeriogomes.com.br\/noticias\/wp-json\/wp\/v2\/posts\/26453","targetHints":{"allow":["GET"]}}],"collection":[{"href":"https:\/\/blogdorogeriogomes.com.br\/noticias\/wp-json\/wp\/v2\/posts"}],"about":[{"href":"https:\/\/blogdorogeriogomes.com.br\/noticias\/wp-json\/wp\/v2\/types\/post"}],"author":[{"embeddable":true,"href":"https:\/\/blogdorogeriogomes.com.br\/noticias\/wp-json\/wp\/v2\/users\/1"}],"replies":[{"embeddable":true,"href":"https:\/\/blogdorogeriogomes.com.br\/noticias\/wp-json\/wp\/v2\/comments?post=26453"}],"version-history":[{"count":2,"href":"https:\/\/blogdorogeriogomes.com.br\/noticias\/wp-json\/wp\/v2\/posts\/26453\/revisions"}],"predecessor-version":[{"id":26460,"href":"https:\/\/blogdorogeriogomes.com.br\/noticias\/wp-json\/wp\/v2\/posts\/26453\/revisions\/26460"}],"wp:featuredmedia":[{"embeddable":true,"href":"https:\/\/blogdorogeriogomes.com.br\/noticias\/wp-json\/wp\/v2\/media\/26454"}],"wp:attachment":[{"href":"https:\/\/blogdorogeriogomes.com.br\/noticias\/wp-json\/wp\/v2\/media?parent=26453"}],"wp:term":[{"taxonomy":"category","embeddable":true,"href":"https:\/\/blogdorogeriogomes.com.br\/noticias\/wp-json\/wp\/v2\/categories?post=26453"},{"taxonomy":"post_tag","embeddable":true,"href":"https:\/\/blogdorogeriogomes.com.br\/noticias\/wp-json\/wp\/v2\/tags?post=26453"}],"curies":[{"name":"wp","href":"https:\/\/api.w.org\/{rel}","templated":true}]}}