{"id":26463,"date":"2022-08-16T22:58:04","date_gmt":"2022-08-16T22:58:04","guid":{"rendered":"https:\/\/blogdorogeriogomes.com.br\/?p=26463"},"modified":"2022-08-17T11:36:15","modified_gmt":"2022-08-17T11:36:15","slug":"roberto-claudio-ameniza-declaracao-de-ciro-gomes-no-roda-viva-sobre-entregar-o-governo-a-capitao-wagner","status":"publish","type":"post","link":"https:\/\/blogdorogeriogomes.com.br\/noticias\/2022\/08\/roberto-claudio-ameniza-declaracao-de-ciro-gomes-no-roda-viva-sobre-entregar-o-governo-a-capitao-wagner\/","title":{"rendered":"Roberto Cl\u00e1udio ameniza declara\u00e7\u00e3o de Ciro Gomes no Roda Viva sobre &#8220;entregar&#8221; o governo a Capit\u00e3o Wagner"},"content":{"rendered":"\n<p>O candidato do PDT \u00e0 Presid\u00eancia da Rep\u00fablica, Ciro Gomes, deu uma entrevista ao programa Roda Viva, da TV Cultura, que causou pol\u00eamica por discuss\u00f5es com entrevistadores e por uma declara\u00e7\u00e3o relacionada ao l\u00edder da oposi\u00e7\u00e3o no Cear\u00e1, Capit\u00e3o Wagner (Uni\u00e3o Brasil). Em determinado momento do programa, Ciro disse: &#8220;pode ser que esteja na hora de a gente entregar para o Capit\u00e3o Wagner l\u00e1, o cara do Bolsonaro. Quem sabe a gente aprende a dar valor ao que tem&#8221;. Ciro Gomes se referia ao rompimento pol\u00edtico entre PDT e PT no estado que acabou dividindo os votos da base governista.<\/p>\n\n\n\n<p>Nesta ter\u00e7a-feira, dia 16 de agosto, o candidato do PDT ao Governo do Cear\u00e1, Roberto Cl\u00e1udio, resolveu amenizar as declara\u00e7\u00f5es de Ciro Gomes durante visita ao Mercado Central, em Fortaleza. <\/p>\n\n\n\n<p>&#8220;N\u00e3o foi exatamente esse o contexto (de Capit\u00e3o Wagner ser o governador). Foi dizer que \u00e9 muito importante uma elei\u00e7\u00e3o e debate como esse, para mostrarmos o que j\u00e1 realizamos no estado do Cear\u00e1. N\u00e3o \u00e9 s\u00f3 para o povo votar por gratid\u00e3o pelo o que a gente fez, mas tamb\u00e9m pelo o que a gente quer apresentar para o futuro. Esse foi o grande recado da declara\u00e7\u00e3o do Ciro&#8221;, completou Roberto Cl\u00e1udio.<\/p>\n\n\n\n<figure class=\"wp-block-image size-large\"><img loading=\"lazy\" decoding=\"async\" width=\"1024\" height=\"492\" src=\"https:\/\/blogdorogeriogomes.com.br\/wp-content\/uploads\/2022\/08\/2022081619088_730b39fb6246ae0e867c565792c4ac3e55d391d75822eb5aac251ef7e72ac03e-1024x492.jpg\" alt=\"\" class=\"wp-image-26464\" srcset=\"https:\/\/blogdorogeriogomes.com.br\/noticias\/wp-content\/uploads\/2022\/08\/2022081619088_730b39fb6246ae0e867c565792c4ac3e55d391d75822eb5aac251ef7e72ac03e-1024x492.jpg 1024w, https:\/\/blogdorogeriogomes.com.br\/noticias\/wp-content\/uploads\/2022\/08\/2022081619088_730b39fb6246ae0e867c565792c4ac3e55d391d75822eb5aac251ef7e72ac03e-300x144.jpg 300w, https:\/\/blogdorogeriogomes.com.br\/noticias\/wp-content\/uploads\/2022\/08\/2022081619088_730b39fb6246ae0e867c565792c4ac3e55d391d75822eb5aac251ef7e72ac03e-768x369.jpg 768w, https:\/\/blogdorogeriogomes.com.br\/noticias\/wp-content\/uploads\/2022\/08\/2022081619088_730b39fb6246ae0e867c565792c4ac3e55d391d75822eb5aac251ef7e72ac03e-800x384.jpg 800w, https:\/\/blogdorogeriogomes.com.br\/noticias\/wp-content\/uploads\/2022\/08\/2022081619088_730b39fb6246ae0e867c565792c4ac3e55d391d75822eb5aac251ef7e72ac03e.jpg 1250w\" sizes=\"auto, (max-width: 1024px) 100vw, 1024px\" \/><\/figure>\n","protected":false},"excerpt":{"rendered":"<p>O candidato do PDT \u00e0 Presid\u00eancia da Rep\u00fablica, Ciro Gomes, deu uma entrevista ao programa Roda Viva, da TV Cultura, que causou pol\u00eamica por discuss\u00f5es com entrevistadores e por uma declara\u00e7\u00e3o relacionada ao l\u00edder da oposi\u00e7\u00e3o no Cear\u00e1, Capit\u00e3o Wagner (Uni\u00e3o Brasil). Em determinado momento do programa, Ciro disse: &#8220;pode ser que esteja na hora de a gente entregar para o Capit\u00e3o Wagner l\u00e1, o cara do Bolsonaro. Quem sabe a gente aprende a dar valor ao que tem&#8221;.&hellip;<\/p>\n","protected":false},"author":1,"featured_media":26464,"comment_status":"open","ping_status":"open","sticky":false,"template":"","format":"standard","meta":{"footnotes":""},"categories":[1],"tags":[],"class_list":["post-26463","post","type-post","status-publish","format-standard","has-post-thumbnail","hentry","category-noticias"],"_links":{"self":[{"href":"https:\/\/blogdorogeriogomes.com.br\/noticias\/wp-json\/wp\/v2\/posts\/26463","targetHints":{"allow":["GET"]}}],"collection":[{"href":"https:\/\/blogdorogeriogomes.com.br\/noticias\/wp-json\/wp\/v2\/posts"}],"about":[{"href":"https:\/\/blogdorogeriogomes.com.br\/noticias\/wp-json\/wp\/v2\/types\/post"}],"author":[{"embeddable":true,"href":"https:\/\/blogdorogeriogomes.com.br\/noticias\/wp-json\/wp\/v2\/users\/1"}],"replies":[{"embeddable":true,"href":"https:\/\/blogdorogeriogomes.com.br\/noticias\/wp-json\/wp\/v2\/comments?post=26463"}],"version-history":[{"count":1,"href":"https:\/\/blogdorogeriogomes.com.br\/noticias\/wp-json\/wp\/v2\/posts\/26463\/revisions"}],"predecessor-version":[{"id":26465,"href":"https:\/\/blogdorogeriogomes.com.br\/noticias\/wp-json\/wp\/v2\/posts\/26463\/revisions\/26465"}],"wp:featuredmedia":[{"embeddable":true,"href":"https:\/\/blogdorogeriogomes.com.br\/noticias\/wp-json\/wp\/v2\/media\/26464"}],"wp:attachment":[{"href":"https:\/\/blogdorogeriogomes.com.br\/noticias\/wp-json\/wp\/v2\/media?parent=26463"}],"wp:term":[{"taxonomy":"category","embeddable":true,"href":"https:\/\/blogdorogeriogomes.com.br\/noticias\/wp-json\/wp\/v2\/categories?post=26463"},{"taxonomy":"post_tag","embeddable":true,"href":"https:\/\/blogdorogeriogomes.com.br\/noticias\/wp-json\/wp\/v2\/tags?post=26463"}],"curies":[{"name":"wp","href":"https:\/\/api.w.org\/{rel}","templated":true}]}}