{"id":26473,"date":"2022-08-17T12:15:23","date_gmt":"2022-08-17T12:15:23","guid":{"rendered":"https:\/\/blogdorogeriogomes.com.br\/?p=26473"},"modified":"2022-08-17T21:45:11","modified_gmt":"2022-08-17T21:45:11","slug":"pdt-registra-enfermeira-ana-paula-para-o-senado-mas-campanha-continua-com-empresario-amarilio-macedo","status":"publish","type":"post","link":"https:\/\/blogdorogeriogomes.com.br\/noticias\/2022\/08\/pdt-registra-enfermeira-ana-paula-para-o-senado-mas-campanha-continua-com-empresario-amarilio-macedo\/","title":{"rendered":"PDT registra Enfermeira Ana Paula para o Senado, mas campanha continua com empres\u00e1rio Amar\u00edlio Macedo"},"content":{"rendered":"\n<p>O imbr\u00f3glio jur\u00eddico envolvendo o comando do PSDB no Cear\u00e1 fez com que o PDT registrasse a vereadora de Fortaleza, Enfermeira Ana Paula, como candidata ao Senado. Com a manuten\u00e7\u00e3o do empres\u00e1rio Chiquinho Feitosa na presid\u00eancia estadual do PSDB no Cear\u00e1, o partido dever\u00e1 ficar neutro na disputa estadual. Assim, o empres\u00e1rio Amar\u00edlio Macedo (PSDB) n\u00e3o poderia integrar a chapa de Roberto Cl\u00e1udio (PDT) na disputa pelo Senado.<\/p>\n\n\n\n<p>O grupo do PSDB tendo \u00e0 frente o senador Tasso Jereissati (PSDB) ainda recorre ao STF para retomar o comando do partido no Cear\u00e1. Por enquanto, Amar\u00edlio Macedo tem acompanhado Roberto Cl\u00e1udio nas atividades de campanha.<\/p>\n\n\n\n<p>De acordo com a pesquisa do Instituto Paran\u00e1, o ex-governador Camilo Santana (PT) lidera a prefer\u00eancia do eleitorado com 62,4%. Kamila Cardoso (Uni\u00e3o Brasil) tem 3,1%, Amar\u00edlio Macedo (PSDB) aparece com 2,2%, Carlos Silva (PSTU) com 0,8% e Paulo Anac\u00e9 (PSOL) com 0,1%.<\/p>\n\n\n\n<figure class=\"wp-block-image size-large\"><img loading=\"lazy\" decoding=\"async\" width=\"1024\" height=\"1024\" src=\"https:\/\/blogdorogeriogomes.com.br\/wp-content\/uploads\/2022\/08\/IMG-20220817-WA0043-1024x1024.jpg\" alt=\"\" class=\"wp-image-26474\" srcset=\"https:\/\/blogdorogeriogomes.com.br\/noticias\/wp-content\/uploads\/2022\/08\/IMG-20220817-WA0043-1024x1024.jpg 1024w, https:\/\/blogdorogeriogomes.com.br\/noticias\/wp-content\/uploads\/2022\/08\/IMG-20220817-WA0043-300x300.jpg 300w, https:\/\/blogdorogeriogomes.com.br\/noticias\/wp-content\/uploads\/2022\/08\/IMG-20220817-WA0043-150x150.jpg 150w, https:\/\/blogdorogeriogomes.com.br\/noticias\/wp-content\/uploads\/2022\/08\/IMG-20220817-WA0043-768x768.jpg 768w, https:\/\/blogdorogeriogomes.com.br\/noticias\/wp-content\/uploads\/2022\/08\/IMG-20220817-WA0043-800x800.jpg 800w, https:\/\/blogdorogeriogomes.com.br\/noticias\/wp-content\/uploads\/2022\/08\/IMG-20220817-WA0043-250x250.jpg 250w, https:\/\/blogdorogeriogomes.com.br\/noticias\/wp-content\/uploads\/2022\/08\/IMG-20220817-WA0043.jpg 1080w\" sizes=\"auto, (max-width: 1024px) 100vw, 1024px\" \/><\/figure>\n","protected":false},"excerpt":{"rendered":"<p>O imbr\u00f3glio jur\u00eddico envolvendo o comando do PSDB no Cear\u00e1 fez com que o PDT registrasse a vereadora de Fortaleza, Enfermeira Ana Paula, como candidata ao Senado. Com a manuten\u00e7\u00e3o do empres\u00e1rio Chiquinho Feitosa na presid\u00eancia estadual do PSDB no Cear\u00e1, o partido dever\u00e1 ficar neutro na disputa estadual. Assim, o empres\u00e1rio Amar\u00edlio Macedo (PSDB) n\u00e3o poderia integrar a chapa de Roberto Cl\u00e1udio (PDT) na disputa pelo Senado. O grupo do PSDB tendo \u00e0 frente o senador Tasso Jereissati&hellip;<\/p>\n","protected":false},"author":1,"featured_media":26474,"comment_status":"open","ping_status":"open","sticky":false,"template":"","format":"standard","meta":{"footnotes":""},"categories":[1],"tags":[],"class_list":["post-26473","post","type-post","status-publish","format-standard","has-post-thumbnail","hentry","category-noticias"],"_links":{"self":[{"href":"https:\/\/blogdorogeriogomes.com.br\/noticias\/wp-json\/wp\/v2\/posts\/26473","targetHints":{"allow":["GET"]}}],"collection":[{"href":"https:\/\/blogdorogeriogomes.com.br\/noticias\/wp-json\/wp\/v2\/posts"}],"about":[{"href":"https:\/\/blogdorogeriogomes.com.br\/noticias\/wp-json\/wp\/v2\/types\/post"}],"author":[{"embeddable":true,"href":"https:\/\/blogdorogeriogomes.com.br\/noticias\/wp-json\/wp\/v2\/users\/1"}],"replies":[{"embeddable":true,"href":"https:\/\/blogdorogeriogomes.com.br\/noticias\/wp-json\/wp\/v2\/comments?post=26473"}],"version-history":[{"count":1,"href":"https:\/\/blogdorogeriogomes.com.br\/noticias\/wp-json\/wp\/v2\/posts\/26473\/revisions"}],"predecessor-version":[{"id":26475,"href":"https:\/\/blogdorogeriogomes.com.br\/noticias\/wp-json\/wp\/v2\/posts\/26473\/revisions\/26475"}],"wp:featuredmedia":[{"embeddable":true,"href":"https:\/\/blogdorogeriogomes.com.br\/noticias\/wp-json\/wp\/v2\/media\/26474"}],"wp:attachment":[{"href":"https:\/\/blogdorogeriogomes.com.br\/noticias\/wp-json\/wp\/v2\/media?parent=26473"}],"wp:term":[{"taxonomy":"category","embeddable":true,"href":"https:\/\/blogdorogeriogomes.com.br\/noticias\/wp-json\/wp\/v2\/categories?post=26473"},{"taxonomy":"post_tag","embeddable":true,"href":"https:\/\/blogdorogeriogomes.com.br\/noticias\/wp-json\/wp\/v2\/tags?post=26473"}],"curies":[{"name":"wp","href":"https:\/\/api.w.org\/{rel}","templated":true}]}}