{"id":26476,"date":"2022-08-18T01:36:15","date_gmt":"2022-08-18T01:36:15","guid":{"rendered":"https:\/\/blogdorogeriogomes.com.br\/?p=26476"},"modified":"2022-08-18T20:27:03","modified_gmt":"2022-08-18T20:27:03","slug":"policia-federal-diz-em-relatorio-enviado-ao-stf-que-bolsonaro-cometeu-incitacao-ao-crime-ao-associar-vacina-da-covid-com-aids","status":"publish","type":"post","link":"https:\/\/blogdorogeriogomes.com.br\/noticias\/2022\/08\/policia-federal-diz-em-relatorio-enviado-ao-stf-que-bolsonaro-cometeu-incitacao-ao-crime-ao-associar-vacina-da-covid-com-aids\/","title":{"rendered":"Pol\u00edcia Federal diz em relat\u00f3rio enviado ao STF que Bolsonaro cometeu incita\u00e7\u00e3o ao crime ao associar vacina da Covid com Aids"},"content":{"rendered":"\n<p>Mais uma dor de cabe\u00e7a para o presidente Jair Bolsonaro enfrentar no Supremo Tribunal Federal (STF). A Pol\u00edcia Federal afirmou em relat\u00f3rio enviado ao STF que Jair Bolsonaro cometeu crime ao associar a vacina contra a Covid-19 ao risco de contrair Aids, durante uma live nas redes sociais no dia 22 de outubro do ano passado.<\/p>\n\n\n\n<p>A rela\u00e7\u00e3o que o presidente fez n\u00e3o corresponde \u00e0 verdade. A Ag\u00eancia Nacional de Vigil\u00e2ncia Sanit\u00e1ria (Anvisa) e outras autoridades de sa\u00fade j\u00e1 esclareceram que as vacinas n\u00e3o trazem doen\u00e7as. Pelo contr\u00e1rio, evitam contamina\u00e7\u00e3o.<\/p>\n\n\n\n<p>No relat\u00f3rio enviado ao STF, a PF escreveu que a conduta de Bolsonaro levou os espectadores da live a descumprir normas sanit\u00e1rias estabelecidas pelo pr\u00f3prio governo. Nesse caso, tomar a vacina.<\/p>\n\n\n\n<p>A delegada Lorena Lima Nascimento, respons\u00e1vel pelo caso, pediu autoriza\u00e7\u00e3o do STF para indiciar Bolsonaro e o ajudante de ordens tenente Mauro Cid , que ajudou o presidente produzir o material divulgado na live. A PF pede ainda que seja autorizada a tomada de depoimento de Bolsonaro.<\/p>\n\n\n\n<figure class=\"wp-block-image size-full\"><img loading=\"lazy\" decoding=\"async\" width=\"739\" height=\"415\" src=\"https:\/\/blogdorogeriogomes.com.br\/wp-content\/uploads\/2022\/08\/images-50.jpeg\" alt=\"\" class=\"wp-image-26477\" srcset=\"https:\/\/blogdorogeriogomes.com.br\/noticias\/wp-content\/uploads\/2022\/08\/images-50.jpeg 739w, https:\/\/blogdorogeriogomes.com.br\/noticias\/wp-content\/uploads\/2022\/08\/images-50-300x168.jpeg 300w\" sizes=\"auto, (max-width: 739px) 100vw, 739px\" \/><\/figure>\n","protected":false},"excerpt":{"rendered":"<p>Mais uma dor de cabe\u00e7a para o presidente Jair Bolsonaro enfrentar no Supremo Tribunal Federal (STF). A Pol\u00edcia Federal afirmou em relat\u00f3rio enviado ao STF que Jair Bolsonaro cometeu crime ao associar a vacina contra a Covid-19 ao risco de contrair Aids, durante uma live nas redes sociais no dia 22 de outubro do ano passado. A rela\u00e7\u00e3o que o presidente fez n\u00e3o corresponde \u00e0 verdade. A Ag\u00eancia Nacional de Vigil\u00e2ncia Sanit\u00e1ria (Anvisa) e outras autoridades de sa\u00fade j\u00e1&hellip;<\/p>\n","protected":false},"author":1,"featured_media":26477,"comment_status":"open","ping_status":"open","sticky":false,"template":"","format":"standard","meta":{"footnotes":""},"categories":[1],"tags":[],"class_list":["post-26476","post","type-post","status-publish","format-standard","has-post-thumbnail","hentry","category-noticias"],"_links":{"self":[{"href":"https:\/\/blogdorogeriogomes.com.br\/noticias\/wp-json\/wp\/v2\/posts\/26476","targetHints":{"allow":["GET"]}}],"collection":[{"href":"https:\/\/blogdorogeriogomes.com.br\/noticias\/wp-json\/wp\/v2\/posts"}],"about":[{"href":"https:\/\/blogdorogeriogomes.com.br\/noticias\/wp-json\/wp\/v2\/types\/post"}],"author":[{"embeddable":true,"href":"https:\/\/blogdorogeriogomes.com.br\/noticias\/wp-json\/wp\/v2\/users\/1"}],"replies":[{"embeddable":true,"href":"https:\/\/blogdorogeriogomes.com.br\/noticias\/wp-json\/wp\/v2\/comments?post=26476"}],"version-history":[{"count":1,"href":"https:\/\/blogdorogeriogomes.com.br\/noticias\/wp-json\/wp\/v2\/posts\/26476\/revisions"}],"predecessor-version":[{"id":26478,"href":"https:\/\/blogdorogeriogomes.com.br\/noticias\/wp-json\/wp\/v2\/posts\/26476\/revisions\/26478"}],"wp:featuredmedia":[{"embeddable":true,"href":"https:\/\/blogdorogeriogomes.com.br\/noticias\/wp-json\/wp\/v2\/media\/26477"}],"wp:attachment":[{"href":"https:\/\/blogdorogeriogomes.com.br\/noticias\/wp-json\/wp\/v2\/media?parent=26476"}],"wp:term":[{"taxonomy":"category","embeddable":true,"href":"https:\/\/blogdorogeriogomes.com.br\/noticias\/wp-json\/wp\/v2\/categories?post=26476"},{"taxonomy":"post_tag","embeddable":true,"href":"https:\/\/blogdorogeriogomes.com.br\/noticias\/wp-json\/wp\/v2\/tags?post=26476"}],"curies":[{"name":"wp","href":"https:\/\/api.w.org\/{rel}","templated":true}]}}