{"id":26479,"date":"2022-08-18T01:51:56","date_gmt":"2022-08-18T01:51:56","guid":{"rendered":"https:\/\/blogdorogeriogomes.com.br\/?p=26479"},"modified":"2022-08-18T20:26:47","modified_gmt":"2022-08-18T20:26:47","slug":"elmano-de-freitas-e-camilo-santana-intensificam-campanha-em-fortaleza-nesta-quinta-feira","status":"publish","type":"post","link":"https:\/\/blogdorogeriogomes.com.br\/noticias\/2022\/08\/elmano-de-freitas-e-camilo-santana-intensificam-campanha-em-fortaleza-nesta-quinta-feira\/","title":{"rendered":"Elmano de Freitas e Camilo Santana intensificam campanha em Fortaleza nesta quinta-feira"},"content":{"rendered":"\n<p>Depois de um primeiro dia de campanha no interior do Cear\u00e1, o candidato ao Governo do Estado pelo PT, Elmano de Freitas, e ao Senado, Camilo Santana, intensificam a campanha em Fortaleza. Na noite desta quarta-feira, dia 17 de agosto, os dois fizeram um adesiva\u00e7o no cruzamento das avenidas Rui Barbosa e Ant\u00f4nio Sales. <\/p>\n\n\n\n<p>Para esta quinta-feira, dia 18, a programa\u00e7\u00e3o reserva uma caminhada Pela manh\u00e3 nos bairros Pirambu e Cristo Redentor. No per\u00edodo da noite est\u00e1 previsto um encontro no Comit\u00ea Central da campanha para discutir o tema educa\u00e7\u00e3o.<\/p>\n\n\n\n<p>Ainda com o nome pouco conhecido no interior do Estado, Elmano de Freitas garante que com o apoio de Lula e Camilo, suas propostas ser\u00e3o bem aceitas pelo eleitorado. &#8220;A campanha t\u00e1 s\u00f3 iniciando&#8221;, disse. <\/p>\n\n\n\n<figure class=\"wp-block-image size-large\"><img loading=\"lazy\" decoding=\"async\" width=\"1024\" height=\"683\" src=\"https:\/\/blogdorogeriogomes.com.br\/wp-content\/uploads\/2022\/08\/IMG-20220817-WA0168-1024x683.jpg\" alt=\"\" class=\"wp-image-26480\" srcset=\"https:\/\/blogdorogeriogomes.com.br\/noticias\/wp-content\/uploads\/2022\/08\/IMG-20220817-WA0168-1024x683.jpg 1024w, https:\/\/blogdorogeriogomes.com.br\/noticias\/wp-content\/uploads\/2022\/08\/IMG-20220817-WA0168-300x200.jpg 300w, https:\/\/blogdorogeriogomes.com.br\/noticias\/wp-content\/uploads\/2022\/08\/IMG-20220817-WA0168-768x512.jpg 768w, https:\/\/blogdorogeriogomes.com.br\/noticias\/wp-content\/uploads\/2022\/08\/IMG-20220817-WA0168-800x534.jpg 800w, https:\/\/blogdorogeriogomes.com.br\/noticias\/wp-content\/uploads\/2022\/08\/IMG-20220817-WA0168.jpg 1066w\" sizes=\"auto, (max-width: 1024px) 100vw, 1024px\" \/><\/figure>\n","protected":false},"excerpt":{"rendered":"<p>Depois de um primeiro dia de campanha no interior do Cear\u00e1, o candidato ao Governo do Estado pelo PT, Elmano de Freitas, e ao Senado, Camilo Santana, intensificam a campanha em Fortaleza. Na noite desta quarta-feira, dia 17 de agosto, os dois fizeram um adesiva\u00e7o no cruzamento das avenidas Rui Barbosa e Ant\u00f4nio Sales. Para esta quinta-feira, dia 18, a programa\u00e7\u00e3o reserva uma caminhada Pela manh\u00e3 nos bairros Pirambu e Cristo Redentor. No per\u00edodo da noite est\u00e1 previsto um&hellip;<\/p>\n","protected":false},"author":1,"featured_media":26480,"comment_status":"open","ping_status":"open","sticky":false,"template":"","format":"standard","meta":{"footnotes":""},"categories":[1],"tags":[],"class_list":["post-26479","post","type-post","status-publish","format-standard","has-post-thumbnail","hentry","category-noticias"],"_links":{"self":[{"href":"https:\/\/blogdorogeriogomes.com.br\/noticias\/wp-json\/wp\/v2\/posts\/26479","targetHints":{"allow":["GET"]}}],"collection":[{"href":"https:\/\/blogdorogeriogomes.com.br\/noticias\/wp-json\/wp\/v2\/posts"}],"about":[{"href":"https:\/\/blogdorogeriogomes.com.br\/noticias\/wp-json\/wp\/v2\/types\/post"}],"author":[{"embeddable":true,"href":"https:\/\/blogdorogeriogomes.com.br\/noticias\/wp-json\/wp\/v2\/users\/1"}],"replies":[{"embeddable":true,"href":"https:\/\/blogdorogeriogomes.com.br\/noticias\/wp-json\/wp\/v2\/comments?post=26479"}],"version-history":[{"count":1,"href":"https:\/\/blogdorogeriogomes.com.br\/noticias\/wp-json\/wp\/v2\/posts\/26479\/revisions"}],"predecessor-version":[{"id":26481,"href":"https:\/\/blogdorogeriogomes.com.br\/noticias\/wp-json\/wp\/v2\/posts\/26479\/revisions\/26481"}],"wp:featuredmedia":[{"embeddable":true,"href":"https:\/\/blogdorogeriogomes.com.br\/noticias\/wp-json\/wp\/v2\/media\/26480"}],"wp:attachment":[{"href":"https:\/\/blogdorogeriogomes.com.br\/noticias\/wp-json\/wp\/v2\/media?parent=26479"}],"wp:term":[{"taxonomy":"category","embeddable":true,"href":"https:\/\/blogdorogeriogomes.com.br\/noticias\/wp-json\/wp\/v2\/categories?post=26479"},{"taxonomy":"post_tag","embeddable":true,"href":"https:\/\/blogdorogeriogomes.com.br\/noticias\/wp-json\/wp\/v2\/tags?post=26479"}],"curies":[{"name":"wp","href":"https:\/\/api.w.org\/{rel}","templated":true}]}}