{"id":26482,"date":"2022-08-18T02:02:36","date_gmt":"2022-08-18T02:02:36","guid":{"rendered":"https:\/\/blogdorogeriogomes.com.br\/?p=26482"},"modified":"2022-08-18T20:26:35","modified_gmt":"2022-08-18T20:26:35","slug":"roberto-claudio-realiza-acoes-no-interior-e-recebe-liderancas-nacionais-do-pdt-em-fortaleza-nesta-quinta-feira","status":"publish","type":"post","link":"https:\/\/blogdorogeriogomes.com.br\/noticias\/2022\/08\/roberto-claudio-realiza-acoes-no-interior-e-recebe-liderancas-nacionais-do-pdt-em-fortaleza-nesta-quinta-feira\/","title":{"rendered":"Roberto Cl\u00e1udio realiza a\u00e7\u00f5es no interior e recebe lideran\u00e7as nacionais do PDT em Fortaleza nesta quinta-feira"},"content":{"rendered":"\n<p>O candidato do PDT ao Governo do Cear\u00e1, Roberto Cl\u00e1udio, deu nova investida em cidades do interior cearense. &#8220;Passamos em Reden\u00e7\u00e3o, com uma linda caminhada, em seguida Santa Quit\u00e9ria, em uma reuni\u00e3o com moradores e lideran\u00e7as. Fomos muito bem recebidos na terra da mandioca, Salitre, com uma animada carreata, depois apresentamos os nossos projetos de futuro ao nosso povo e encerramos em Forquilha, com uma linda festa&#8221;, disse o pedetista.<\/p>\n\n\n\n<p>Nesta quinta-feira, dia 18 de agosto, ele participa em Fortaleza da inaugura\u00e7\u00e3o do comit\u00ea do presidente estadual do PDT, Andr\u00e9 Figueiredo que \u00e9 candidato \u00e0 reelei\u00e7\u00e3o \u00e0 C\u00e2mara Federal. \u00c9 esperada a presen\u00e7a da candidata a vice-presidente da Rep\u00fablica na chapa de Ciro Gomes, Ana Paula, al\u00e9m do presidente nacional do PDT Carlos Lupi, e de candidatos a deputado estadual pelo PDT.<\/p>\n\n\n\n<figure class=\"wp-block-image size-large\"><img loading=\"lazy\" decoding=\"async\" width=\"1024\" height=\"912\" src=\"https:\/\/blogdorogeriogomes.com.br\/wp-content\/uploads\/2022\/08\/IMG-20220817-WA0167-1024x912.jpg\" alt=\"\" class=\"wp-image-26483\" srcset=\"https:\/\/blogdorogeriogomes.com.br\/noticias\/wp-content\/uploads\/2022\/08\/IMG-20220817-WA0167-1024x912.jpg 1024w, https:\/\/blogdorogeriogomes.com.br\/noticias\/wp-content\/uploads\/2022\/08\/IMG-20220817-WA0167-300x267.jpg 300w, https:\/\/blogdorogeriogomes.com.br\/noticias\/wp-content\/uploads\/2022\/08\/IMG-20220817-WA0167-768x684.jpg 768w, https:\/\/blogdorogeriogomes.com.br\/noticias\/wp-content\/uploads\/2022\/08\/IMG-20220817-WA0167-800x713.jpg 800w, https:\/\/blogdorogeriogomes.com.br\/noticias\/wp-content\/uploads\/2022\/08\/IMG-20220817-WA0167.jpg 1080w\" sizes=\"auto, (max-width: 1024px) 100vw, 1024px\" \/><\/figure>\n\n\n\n<p><\/p>\n","protected":false},"excerpt":{"rendered":"<p>O candidato do PDT ao Governo do Cear\u00e1, Roberto Cl\u00e1udio, deu nova investida em cidades do interior cearense. &#8220;Passamos em Reden\u00e7\u00e3o, com uma linda caminhada, em seguida Santa Quit\u00e9ria, em uma reuni\u00e3o com moradores e lideran\u00e7as. Fomos muito bem recebidos na terra da mandioca, Salitre, com uma animada carreata, depois apresentamos os nossos projetos de futuro ao nosso povo e encerramos em Forquilha, com uma linda festa&#8221;, disse o pedetista. Nesta quinta-feira, dia 18 de agosto, ele participa em&hellip;<\/p>\n","protected":false},"author":1,"featured_media":26483,"comment_status":"open","ping_status":"open","sticky":false,"template":"","format":"standard","meta":{"footnotes":""},"categories":[1],"tags":[],"class_list":["post-26482","post","type-post","status-publish","format-standard","has-post-thumbnail","hentry","category-noticias"],"_links":{"self":[{"href":"https:\/\/blogdorogeriogomes.com.br\/noticias\/wp-json\/wp\/v2\/posts\/26482","targetHints":{"allow":["GET"]}}],"collection":[{"href":"https:\/\/blogdorogeriogomes.com.br\/noticias\/wp-json\/wp\/v2\/posts"}],"about":[{"href":"https:\/\/blogdorogeriogomes.com.br\/noticias\/wp-json\/wp\/v2\/types\/post"}],"author":[{"embeddable":true,"href":"https:\/\/blogdorogeriogomes.com.br\/noticias\/wp-json\/wp\/v2\/users\/1"}],"replies":[{"embeddable":true,"href":"https:\/\/blogdorogeriogomes.com.br\/noticias\/wp-json\/wp\/v2\/comments?post=26482"}],"version-history":[{"count":1,"href":"https:\/\/blogdorogeriogomes.com.br\/noticias\/wp-json\/wp\/v2\/posts\/26482\/revisions"}],"predecessor-version":[{"id":26484,"href":"https:\/\/blogdorogeriogomes.com.br\/noticias\/wp-json\/wp\/v2\/posts\/26482\/revisions\/26484"}],"wp:featuredmedia":[{"embeddable":true,"href":"https:\/\/blogdorogeriogomes.com.br\/noticias\/wp-json\/wp\/v2\/media\/26483"}],"wp:attachment":[{"href":"https:\/\/blogdorogeriogomes.com.br\/noticias\/wp-json\/wp\/v2\/media?parent=26482"}],"wp:term":[{"taxonomy":"category","embeddable":true,"href":"https:\/\/blogdorogeriogomes.com.br\/noticias\/wp-json\/wp\/v2\/categories?post=26482"},{"taxonomy":"post_tag","embeddable":true,"href":"https:\/\/blogdorogeriogomes.com.br\/noticias\/wp-json\/wp\/v2\/tags?post=26482"}],"curies":[{"name":"wp","href":"https:\/\/api.w.org\/{rel}","templated":true}]}}