{"id":26485,"date":"2022-08-18T11:31:20","date_gmt":"2022-08-18T11:31:20","guid":{"rendered":"https:\/\/blogdorogeriogomes.com.br\/?p=26485"},"modified":"2022-08-18T20:26:22","modified_gmt":"2022-08-18T20:26:22","slug":"capitao-wagner-volta-a-ter-apoio-do-pros-mas-comeca-a-sofrer-pressao-quanto-a-aderir-a-campanha-de-jair-bolsonaro","status":"publish","type":"post","link":"https:\/\/blogdorogeriogomes.com.br\/noticias\/2022\/08\/capitao-wagner-volta-a-ter-apoio-do-pros-mas-comeca-a-sofrer-pressao-quanto-a-aderir-a-campanha-de-jair-bolsonaro\/","title":{"rendered":"Capit\u00e3o Wagner volta a ter apoio do PROS, mas come\u00e7a a sofrer press\u00e3o quanto a aderir \u00e0 campanha de Jair Bolsonaro"},"content":{"rendered":"\n<p>Uma liminar concedida pelo Tribunal Superior Eleitoral (TSE) ao comando estadual do Partido Republicano da Ordem Social (PROS) garantiu o retorno da legenda \u00e0 alian\u00e7a em torno da candidatura de Capit\u00e3o Wagner ao Governo do Cear\u00e1 pelo Uni\u00e3o Brasil.<\/p>\n\n\n\n<p>Al\u00e9m do PROS, comp\u00f5e o amplo arco de alian\u00e7as da coliga\u00e7\u00e3o \u201cUni\u00e3o pelo Cear\u00e1\u201d, formado tamb\u00e9m pelo Avante, que \u00e9 representada pela candidata ao Senado Kamila Cardoso, o PL, do vice na chapa de Capit\u00e3o Wagner, Raimundo Gomes de Matos, Podemos, PTB, Republicanos, al\u00e9m do Uni\u00e3o Brasil.<\/p>\n\n\n\n<p>Mas Capit\u00e3o Wagner come\u00e7a a sofrer uma nova press\u00e3o do PL, que \u00e9 o partido do presidente Jair Bolsonaro para um apoio mais efetivo ao postulante \u00e0 reelei\u00e7\u00e3o ao Pal\u00e1cio do Planalto. Wagner tem se mostrado distante dos movimentos da corrida presidencial.<\/p>\n\n\n\n<p>No Cear\u00e1, Bolsonaro apresenta alta rejei\u00e7\u00e3o e Capit\u00e3o Wagner avalia que abra\u00e7ar o apoio do atual presidente no Estado \u00e9 sin\u00f4nimo de perda de voto. A atitude tem irritado os bolsonaristas no Cear\u00e1. O pr\u00f3prio deputado estadual Andr\u00e9 Fernandes, que \u00e9 bolsonarista ferrenho, j\u00e1 teceu Wagner pela atitude. Para contrariar ainda mais os aliados do presidente, Capit\u00e3o Wagner ainda disse em entrevista &#8220;respeitar Lula&#8221;.<\/p>\n\n\n\n<figure class=\"wp-block-image size-large\"><img loading=\"lazy\" decoding=\"async\" width=\"1024\" height=\"684\" src=\"https:\/\/blogdorogeriogomes.com.br\/wp-content\/uploads\/2022\/08\/IMG-20220813-WA0079-1024x684.jpg\" alt=\"\" class=\"wp-image-26486\" srcset=\"https:\/\/blogdorogeriogomes.com.br\/noticias\/wp-content\/uploads\/2022\/08\/IMG-20220813-WA0079-1024x684.jpg 1024w, https:\/\/blogdorogeriogomes.com.br\/noticias\/wp-content\/uploads\/2022\/08\/IMG-20220813-WA0079-300x200.jpg 300w, https:\/\/blogdorogeriogomes.com.br\/noticias\/wp-content\/uploads\/2022\/08\/IMG-20220813-WA0079-768x513.jpg 768w, https:\/\/blogdorogeriogomes.com.br\/noticias\/wp-content\/uploads\/2022\/08\/IMG-20220813-WA0079-1536x1026.jpg 1536w, https:\/\/blogdorogeriogomes.com.br\/noticias\/wp-content\/uploads\/2022\/08\/IMG-20220813-WA0079-800x535.jpg 800w, https:\/\/blogdorogeriogomes.com.br\/noticias\/wp-content\/uploads\/2022\/08\/IMG-20220813-WA0079.jpg 1588w\" sizes=\"auto, (max-width: 1024px) 100vw, 1024px\" \/><\/figure>\n","protected":false},"excerpt":{"rendered":"<p>Uma liminar concedida pelo Tribunal Superior Eleitoral (TSE) ao comando estadual do Partido Republicano da Ordem Social (PROS) garantiu o retorno da legenda \u00e0 alian\u00e7a em torno da candidatura de Capit\u00e3o Wagner ao Governo do Cear\u00e1 pelo Uni\u00e3o Brasil. Al\u00e9m do PROS, comp\u00f5e o amplo arco de alian\u00e7as da coliga\u00e7\u00e3o \u201cUni\u00e3o pelo Cear\u00e1\u201d, formado tamb\u00e9m pelo Avante, que \u00e9 representada pela candidata ao Senado Kamila Cardoso, o PL, do vice na chapa de Capit\u00e3o Wagner, Raimundo Gomes de Matos,&hellip;<\/p>\n","protected":false},"author":1,"featured_media":26486,"comment_status":"open","ping_status":"open","sticky":false,"template":"","format":"standard","meta":{"footnotes":""},"categories":[1],"tags":[],"class_list":["post-26485","post","type-post","status-publish","format-standard","has-post-thumbnail","hentry","category-noticias"],"_links":{"self":[{"href":"https:\/\/blogdorogeriogomes.com.br\/noticias\/wp-json\/wp\/v2\/posts\/26485","targetHints":{"allow":["GET"]}}],"collection":[{"href":"https:\/\/blogdorogeriogomes.com.br\/noticias\/wp-json\/wp\/v2\/posts"}],"about":[{"href":"https:\/\/blogdorogeriogomes.com.br\/noticias\/wp-json\/wp\/v2\/types\/post"}],"author":[{"embeddable":true,"href":"https:\/\/blogdorogeriogomes.com.br\/noticias\/wp-json\/wp\/v2\/users\/1"}],"replies":[{"embeddable":true,"href":"https:\/\/blogdorogeriogomes.com.br\/noticias\/wp-json\/wp\/v2\/comments?post=26485"}],"version-history":[{"count":1,"href":"https:\/\/blogdorogeriogomes.com.br\/noticias\/wp-json\/wp\/v2\/posts\/26485\/revisions"}],"predecessor-version":[{"id":26487,"href":"https:\/\/blogdorogeriogomes.com.br\/noticias\/wp-json\/wp\/v2\/posts\/26485\/revisions\/26487"}],"wp:featuredmedia":[{"embeddable":true,"href":"https:\/\/blogdorogeriogomes.com.br\/noticias\/wp-json\/wp\/v2\/media\/26486"}],"wp:attachment":[{"href":"https:\/\/blogdorogeriogomes.com.br\/noticias\/wp-json\/wp\/v2\/media?parent=26485"}],"wp:term":[{"taxonomy":"category","embeddable":true,"href":"https:\/\/blogdorogeriogomes.com.br\/noticias\/wp-json\/wp\/v2\/categories?post=26485"},{"taxonomy":"post_tag","embeddable":true,"href":"https:\/\/blogdorogeriogomes.com.br\/noticias\/wp-json\/wp\/v2\/tags?post=26485"}],"curies":[{"name":"wp","href":"https:\/\/api.w.org\/{rel}","templated":true}]}}