{"id":26488,"date":"2022-08-18T21:06:09","date_gmt":"2022-08-18T21:06:09","guid":{"rendered":"https:\/\/blogdorogeriogomes.com.br\/?p=26488"},"modified":"2022-08-19T16:05:55","modified_gmt":"2022-08-19T16:05:55","slug":"prefeito-de-sobral-ivo-gomes-declara-voto-em-camilo-santana-para-o-senado","status":"publish","type":"post","link":"https:\/\/blogdorogeriogomes.com.br\/noticias\/2022\/08\/prefeito-de-sobral-ivo-gomes-declara-voto-em-camilo-santana-para-o-senado\/","title":{"rendered":"Prefeito de Sobral, Ivo Gomes, declara voto em Camilo Santana para o Senado"},"content":{"rendered":"\n<p>O prefeito de Sobral, Ivo Gomes (PDT,), declarou voto, nesta quinta-feira, dia 18 de agosto, no ex-governador Camilo Santana (PT) para o Senado. Ivo Gomes \u00e9 irm\u00e3o do candidato do PDT \u00e0 Presid\u00eancia da Rep\u00fablica, Ciro Gomes, que tem desferido cr\u00edticas a Camilo Santana desde o rompimento pol\u00edtico no Cear\u00e1 entre PT e PDT. A exemplo do outro irm\u00e3o, o senador Cid Gomes, Ivo ainda n\u00e3o se engajou na campanha do pedetista Roberto Cl\u00e1udio ao Governo do Cear\u00e1. At\u00e9 ent\u00e3o, os dois t\u00eam adotado um tom de neutralidade na disputa por n\u00e3o terem concordado com o processo de escolha interna do candidato ao Governo no PDT.<\/p>\n\n\n\n<p>&#8220;Estive hoje com o prefeito de Sobral, amigo Ivo Gomes, com quem sempre tive grandes parcerias em benef\u00edcio dessa cidade querida. Muito obrigado pelo seu apoio, Ivo. Estamos juntos&#8221;, declarou Camilo Santana.<\/p>\n\n\n\n<figure class=\"wp-block-image size-large\"><img loading=\"lazy\" decoding=\"async\" width=\"1024\" height=\"1024\" src=\"https:\/\/blogdorogeriogomes.com.br\/wp-content\/uploads\/2022\/08\/IMG-20220818-WA0099-1024x1024.jpg\" alt=\"\" class=\"wp-image-26489\" srcset=\"https:\/\/blogdorogeriogomes.com.br\/noticias\/wp-content\/uploads\/2022\/08\/IMG-20220818-WA0099-1024x1024.jpg 1024w, https:\/\/blogdorogeriogomes.com.br\/noticias\/wp-content\/uploads\/2022\/08\/IMG-20220818-WA0099-300x300.jpg 300w, https:\/\/blogdorogeriogomes.com.br\/noticias\/wp-content\/uploads\/2022\/08\/IMG-20220818-WA0099-150x150.jpg 150w, https:\/\/blogdorogeriogomes.com.br\/noticias\/wp-content\/uploads\/2022\/08\/IMG-20220818-WA0099-768x768.jpg 768w, https:\/\/blogdorogeriogomes.com.br\/noticias\/wp-content\/uploads\/2022\/08\/IMG-20220818-WA0099-800x800.jpg 800w, https:\/\/blogdorogeriogomes.com.br\/noticias\/wp-content\/uploads\/2022\/08\/IMG-20220818-WA0099-250x250.jpg 250w, https:\/\/blogdorogeriogomes.com.br\/noticias\/wp-content\/uploads\/2022\/08\/IMG-20220818-WA0099.jpg 1080w\" sizes=\"auto, (max-width: 1024px) 100vw, 1024px\" \/><\/figure>\n\n\n\n<p><\/p>\n","protected":false},"excerpt":{"rendered":"<p>O prefeito de Sobral, Ivo Gomes (PDT,), declarou voto, nesta quinta-feira, dia 18 de agosto, no ex-governador Camilo Santana (PT) para o Senado. Ivo Gomes \u00e9 irm\u00e3o do candidato do PDT \u00e0 Presid\u00eancia da Rep\u00fablica, Ciro Gomes, que tem desferido cr\u00edticas a Camilo Santana desde o rompimento pol\u00edtico no Cear\u00e1 entre PT e PDT. A exemplo do outro irm\u00e3o, o senador Cid Gomes, Ivo ainda n\u00e3o se engajou na campanha do pedetista Roberto Cl\u00e1udio ao Governo do Cear\u00e1. At\u00e9&hellip;<\/p>\n","protected":false},"author":1,"featured_media":26489,"comment_status":"open","ping_status":"open","sticky":false,"template":"","format":"standard","meta":{"footnotes":""},"categories":[1],"tags":[],"class_list":["post-26488","post","type-post","status-publish","format-standard","has-post-thumbnail","hentry","category-noticias"],"_links":{"self":[{"href":"https:\/\/blogdorogeriogomes.com.br\/noticias\/wp-json\/wp\/v2\/posts\/26488","targetHints":{"allow":["GET"]}}],"collection":[{"href":"https:\/\/blogdorogeriogomes.com.br\/noticias\/wp-json\/wp\/v2\/posts"}],"about":[{"href":"https:\/\/blogdorogeriogomes.com.br\/noticias\/wp-json\/wp\/v2\/types\/post"}],"author":[{"embeddable":true,"href":"https:\/\/blogdorogeriogomes.com.br\/noticias\/wp-json\/wp\/v2\/users\/1"}],"replies":[{"embeddable":true,"href":"https:\/\/blogdorogeriogomes.com.br\/noticias\/wp-json\/wp\/v2\/comments?post=26488"}],"version-history":[{"count":1,"href":"https:\/\/blogdorogeriogomes.com.br\/noticias\/wp-json\/wp\/v2\/posts\/26488\/revisions"}],"predecessor-version":[{"id":26490,"href":"https:\/\/blogdorogeriogomes.com.br\/noticias\/wp-json\/wp\/v2\/posts\/26488\/revisions\/26490"}],"wp:featuredmedia":[{"embeddable":true,"href":"https:\/\/blogdorogeriogomes.com.br\/noticias\/wp-json\/wp\/v2\/media\/26489"}],"wp:attachment":[{"href":"https:\/\/blogdorogeriogomes.com.br\/noticias\/wp-json\/wp\/v2\/media?parent=26488"}],"wp:term":[{"taxonomy":"category","embeddable":true,"href":"https:\/\/blogdorogeriogomes.com.br\/noticias\/wp-json\/wp\/v2\/categories?post=26488"},{"taxonomy":"post_tag","embeddable":true,"href":"https:\/\/blogdorogeriogomes.com.br\/noticias\/wp-json\/wp\/v2\/tags?post=26488"}],"curies":[{"name":"wp","href":"https:\/\/api.w.org\/{rel}","templated":true}]}}