{"id":26494,"date":"2022-08-19T10:10:43","date_gmt":"2022-08-19T10:10:43","guid":{"rendered":"https:\/\/blogdorogeriogomes.com.br\/?p=26494"},"modified":"2022-08-19T16:05:36","modified_gmt":"2022-08-19T16:05:36","slug":"prefeitura-de-fortaleza-anuncia-novo-pacote-de-recapeamento-de-ruas-e-avenidas-da-capital","status":"publish","type":"post","link":"https:\/\/blogdorogeriogomes.com.br\/noticias\/2022\/08\/prefeitura-de-fortaleza-anuncia-novo-pacote-de-recapeamento-de-ruas-e-avenidas-da-capital\/","title":{"rendered":"Prefeitura de Fortaleza anuncia novo pacote de recapeamento de ruas e avenidas da Capital"},"content":{"rendered":"\n<p>O prefeito de Fortaleza, Jos\u00e9 Sarto lan\u00e7ou, nesta quinta-feira, dia 18 de agosto, um novo pacote de recapeamento das principais vias de Fortaleza. A iniciativa ir\u00e1 investir cerca de R$ 50 milh\u00f5es em servi\u00e7os de retirada da camada asf\u00e1ltica, pavimenta\u00e7\u00e3o e sinaliza\u00e7\u00e3o, com a entrega de mais de 50 quil\u00f4metros de extens\u00e3o de trechos recuperados.<\/p>\n\n\n\n<p>Os primeiros trechos que ser\u00e3o contemplados no pacote est\u00e3o na Avenida Rui Barbosa, na Aldeota, e na Rua Nereu Ramos, na Parangaba. Outras vias, como a Rua Torres C\u00e2mara, a Av. Luciano Carneiro, a Rua Pinto Madeira e a Rua Bar\u00e3o do Rio Branco, tamb\u00e9m ser\u00e3o atendidas.<\/p>\n\n\n\n<p>A Prefeitura de Fortaleza diz ter atingido a marca de 105% do volume de trabalho previsto pelo pacote de requalifica\u00e7\u00e3o de vias. As interven\u00e7\u00f5es contemplaram, de maneira emergencial, as 90 grandes avenidas e vias secund\u00e1rias, al\u00e9m dos 40 principais quadrantes da Capital, o que representa 528.193,27 m\u00b2 de malha vi\u00e1ria recuperada, em 104 bairros da Cidade. A \u00e1rea recuperada \u00e9 equivalente a mais de 64 campos de futebol.<\/p>\n\n\n\n<figure class=\"wp-block-image size-large\"><img loading=\"lazy\" decoding=\"async\" width=\"1024\" height=\"601\" src=\"https:\/\/blogdorogeriogomes.com.br\/wp-content\/uploads\/2022\/08\/IMG-20220819-WA0007-1024x601.jpg\" alt=\"\" class=\"wp-image-26496\" srcset=\"https:\/\/blogdorogeriogomes.com.br\/noticias\/wp-content\/uploads\/2022\/08\/IMG-20220819-WA0007-1024x601.jpg 1024w, https:\/\/blogdorogeriogomes.com.br\/noticias\/wp-content\/uploads\/2022\/08\/IMG-20220819-WA0007-300x176.jpg 300w, https:\/\/blogdorogeriogomes.com.br\/noticias\/wp-content\/uploads\/2022\/08\/IMG-20220819-WA0007-768x451.jpg 768w, https:\/\/blogdorogeriogomes.com.br\/noticias\/wp-content\/uploads\/2022\/08\/IMG-20220819-WA0007-800x469.jpg 800w, https:\/\/blogdorogeriogomes.com.br\/noticias\/wp-content\/uploads\/2022\/08\/IMG-20220819-WA0007.jpg 1280w\" sizes=\"auto, (max-width: 1024px) 100vw, 1024px\" \/><\/figure>\n","protected":false},"excerpt":{"rendered":"<p>O prefeito de Fortaleza, Jos\u00e9 Sarto lan\u00e7ou, nesta quinta-feira, dia 18 de agosto, um novo pacote de recapeamento das principais vias de Fortaleza. A iniciativa ir\u00e1 investir cerca de R$ 50 milh\u00f5es em servi\u00e7os de retirada da camada asf\u00e1ltica, pavimenta\u00e7\u00e3o e sinaliza\u00e7\u00e3o, com a entrega de mais de 50 quil\u00f4metros de extens\u00e3o de trechos recuperados. Os primeiros trechos que ser\u00e3o contemplados no pacote est\u00e3o na Avenida Rui Barbosa, na Aldeota, e na Rua Nereu Ramos, na Parangaba. Outras vias,&hellip;<\/p>\n","protected":false},"author":1,"featured_media":26496,"comment_status":"open","ping_status":"open","sticky":false,"template":"","format":"standard","meta":{"footnotes":""},"categories":[1],"tags":[],"class_list":["post-26494","post","type-post","status-publish","format-standard","has-post-thumbnail","hentry","category-noticias"],"_links":{"self":[{"href":"https:\/\/blogdorogeriogomes.com.br\/noticias\/wp-json\/wp\/v2\/posts\/26494","targetHints":{"allow":["GET"]}}],"collection":[{"href":"https:\/\/blogdorogeriogomes.com.br\/noticias\/wp-json\/wp\/v2\/posts"}],"about":[{"href":"https:\/\/blogdorogeriogomes.com.br\/noticias\/wp-json\/wp\/v2\/types\/post"}],"author":[{"embeddable":true,"href":"https:\/\/blogdorogeriogomes.com.br\/noticias\/wp-json\/wp\/v2\/users\/1"}],"replies":[{"embeddable":true,"href":"https:\/\/blogdorogeriogomes.com.br\/noticias\/wp-json\/wp\/v2\/comments?post=26494"}],"version-history":[{"count":1,"href":"https:\/\/blogdorogeriogomes.com.br\/noticias\/wp-json\/wp\/v2\/posts\/26494\/revisions"}],"predecessor-version":[{"id":26497,"href":"https:\/\/blogdorogeriogomes.com.br\/noticias\/wp-json\/wp\/v2\/posts\/26494\/revisions\/26497"}],"wp:featuredmedia":[{"embeddable":true,"href":"https:\/\/blogdorogeriogomes.com.br\/noticias\/wp-json\/wp\/v2\/media\/26496"}],"wp:attachment":[{"href":"https:\/\/blogdorogeriogomes.com.br\/noticias\/wp-json\/wp\/v2\/media?parent=26494"}],"wp:term":[{"taxonomy":"category","embeddable":true,"href":"https:\/\/blogdorogeriogomes.com.br\/noticias\/wp-json\/wp\/v2\/categories?post=26494"},{"taxonomy":"post_tag","embeddable":true,"href":"https:\/\/blogdorogeriogomes.com.br\/noticias\/wp-json\/wp\/v2\/tags?post=26494"}],"curies":[{"name":"wp","href":"https:\/\/api.w.org\/{rel}","templated":true}]}}