{"id":26505,"date":"2022-08-20T10:42:23","date_gmt":"2022-08-20T10:42:23","guid":{"rendered":"https:\/\/blogdorogeriogomes.com.br\/?p=26505"},"modified":"2022-08-24T15:22:31","modified_gmt":"2022-08-24T15:22:31","slug":"elmano-de-freitas-recebe-apoio-de-vitor-valim-em-caucaia-e-promete-dar-continuidade-de-projeto-de-passagem-gratuita-em-onibus-da-rmf","status":"publish","type":"post","link":"https:\/\/blogdorogeriogomes.com.br\/noticias\/2022\/08\/elmano-de-freitas-recebe-apoio-de-vitor-valim-em-caucaia-e-promete-dar-continuidade-de-projeto-de-passagem-gratuita-em-onibus-da-rmf\/","title":{"rendered":"Elmano de Freitas recebe apoio de Vitor Valim em Caucaia e promete dar continuidade de projeto de passagem gratuita em \u00f4nibus da RMF"},"content":{"rendered":"\n<p>O candidato do PT ao Governo do Estado, Elmano de Freitas, participou nesta sexta-feira, dia 19 de agosto, da inaugura\u00e7\u00e3o do comit\u00ea central da campanha, em Caucaia. Ele estava ao lado do candidato ao Senado, Camilo Santana, e do prefeito do munic\u00edpio Vitor Valim. Segundo maior col\u00e9gio eleitoral do Cear\u00e1, ficando atr\u00e1s apenas de Fortaleza, Caucaia \u00e9 uma cidade importante na disputa pelo Governo do Estado.<\/p>\n\n\n\n<p>Elmano de Freitas ressaltou o apoio de Vitor Valim na disputa e disse que continuar\u00e1 a defender os interesses do povo de Caucaia com a continuidade do projeto do Governo Camilo-Izolda. &#8220;Eu vou sempre procurar a parceria, procurar conversa. E exalto aqui o que o amigo Vitor fez com um projeto na prefeitura. Eu pensei, meu Deus, esse prefeito j\u00e1 entrou para hist\u00f3ria do Cear\u00e1, porque Caucaia \u00e9 a primeira cidade do pa\u00eds que o \u00f4nibus \u00e9 de gra\u00e7a para o seu povo. Ent\u00e3o, esse \u00e9 o nosso compromisso. Experimentar e transferir para o Estado do Cear\u00e1, eu sua Regi\u00e3o Metropolitana, a experi\u00eancia que n\u00f3s temos em Caucaia. Como governador, eu quero dar essa gratuidade tamb\u00e9m&#8221;, disse Elmano, que tamb\u00e9m projetou a continua\u00e7\u00e3o de todas as obras iniciadas pelo atual Governo do Cear\u00e1 em Caucaia.<\/p>\n\n\n\n<figure class=\"wp-block-image size-full\"><img loading=\"lazy\" decoding=\"async\" width=\"1007\" height=\"990\" src=\"https:\/\/blogdorogeriogomes.com.br\/wp-content\/uploads\/2022\/08\/IMG-20220820-WA0015.jpg\" alt=\"\" class=\"wp-image-26506\" srcset=\"https:\/\/blogdorogeriogomes.com.br\/noticias\/wp-content\/uploads\/2022\/08\/IMG-20220820-WA0015.jpg 1007w, https:\/\/blogdorogeriogomes.com.br\/noticias\/wp-content\/uploads\/2022\/08\/IMG-20220820-WA0015-300x295.jpg 300w, https:\/\/blogdorogeriogomes.com.br\/noticias\/wp-content\/uploads\/2022\/08\/IMG-20220820-WA0015-768x755.jpg 768w, https:\/\/blogdorogeriogomes.com.br\/noticias\/wp-content\/uploads\/2022\/08\/IMG-20220820-WA0015-800x786.jpg 800w\" sizes=\"auto, (max-width: 1007px) 100vw, 1007px\" \/><\/figure>\n\n\n\n<p><\/p>\n\n\n\n<figure class=\"wp-block-embed\"><div class=\"wp-block-embed__wrapper\">\nhttps:\/\/drive.google.com\/drive\/folders\/1-gXAGc_kwu4Y0O_ds5ry6siG41mAV2sO\n<\/div><\/figure>\n","protected":false},"excerpt":{"rendered":"<p>O candidato do PT ao Governo do Estado, Elmano de Freitas, participou nesta sexta-feira, dia 19 de agosto, da inaugura\u00e7\u00e3o do comit\u00ea central da campanha, em Caucaia. Ele estava ao lado do candidato ao Senado, Camilo Santana, e do prefeito do munic\u00edpio Vitor Valim. Segundo maior col\u00e9gio eleitoral do Cear\u00e1, ficando atr\u00e1s apenas de Fortaleza, Caucaia \u00e9 uma cidade importante na disputa pelo Governo do Estado. Elmano de Freitas ressaltou o apoio de Vitor Valim na disputa e disse&hellip;<\/p>\n","protected":false},"author":1,"featured_media":26506,"comment_status":"open","ping_status":"open","sticky":false,"template":"","format":"standard","meta":{"footnotes":""},"categories":[1],"tags":[],"class_list":["post-26505","post","type-post","status-publish","format-standard","has-post-thumbnail","hentry","category-noticias"],"_links":{"self":[{"href":"https:\/\/blogdorogeriogomes.com.br\/noticias\/wp-json\/wp\/v2\/posts\/26505","targetHints":{"allow":["GET"]}}],"collection":[{"href":"https:\/\/blogdorogeriogomes.com.br\/noticias\/wp-json\/wp\/v2\/posts"}],"about":[{"href":"https:\/\/blogdorogeriogomes.com.br\/noticias\/wp-json\/wp\/v2\/types\/post"}],"author":[{"embeddable":true,"href":"https:\/\/blogdorogeriogomes.com.br\/noticias\/wp-json\/wp\/v2\/users\/1"}],"replies":[{"embeddable":true,"href":"https:\/\/blogdorogeriogomes.com.br\/noticias\/wp-json\/wp\/v2\/comments?post=26505"}],"version-history":[{"count":1,"href":"https:\/\/blogdorogeriogomes.com.br\/noticias\/wp-json\/wp\/v2\/posts\/26505\/revisions"}],"predecessor-version":[{"id":26507,"href":"https:\/\/blogdorogeriogomes.com.br\/noticias\/wp-json\/wp\/v2\/posts\/26505\/revisions\/26507"}],"wp:featuredmedia":[{"embeddable":true,"href":"https:\/\/blogdorogeriogomes.com.br\/noticias\/wp-json\/wp\/v2\/media\/26506"}],"wp:attachment":[{"href":"https:\/\/blogdorogeriogomes.com.br\/noticias\/wp-json\/wp\/v2\/media?parent=26505"}],"wp:term":[{"taxonomy":"category","embeddable":true,"href":"https:\/\/blogdorogeriogomes.com.br\/noticias\/wp-json\/wp\/v2\/categories?post=26505"},{"taxonomy":"post_tag","embeddable":true,"href":"https:\/\/blogdorogeriogomes.com.br\/noticias\/wp-json\/wp\/v2\/tags?post=26505"}],"curies":[{"name":"wp","href":"https:\/\/api.w.org\/{rel}","templated":true}]}}