{"id":26511,"date":"2022-08-20T14:52:37","date_gmt":"2022-08-20T14:52:37","guid":{"rendered":"https:\/\/blogdorogeriogomes.com.br\/?p=26511"},"modified":"2022-08-24T15:22:09","modified_gmt":"2022-08-24T15:22:09","slug":"deputada-estadual-erika-amorim-sera-a-candidata-ao-senado-na-chapa-de-roberto-claudio-pdt","status":"publish","type":"post","link":"https:\/\/blogdorogeriogomes.com.br\/noticias\/2022\/08\/deputada-estadual-erika-amorim-sera-a-candidata-ao-senado-na-chapa-de-roberto-claudio-pdt\/","title":{"rendered":"Deputada estadual \u00c9rika Amorim ser\u00e1 a candidata ao Senado na chapa de Roberto Cl\u00e1udio (PDT)"},"content":{"rendered":"\n<p>Ap\u00f3s a desist\u00eancia da vereadora Enfermeira Ana Paula (PDT), a deputada estadual \u00c9rika Amorim (PSD) ser\u00e1 a candidata ao Senado na chapa de Roberto Cl\u00e1udio (PDT). Ela vai substituir o empres\u00e1rio Amarilio Macedo (PSDB) que foi impedido de concorrer porque o seu partido decidiu pela neutralidade na disputa estadual. \u00c9rika Amorim \u00e9 casada com o ex-prefeito de Caucaia, Naumi Amorim. Ela nasceu em Fortaleza e nas elei\u00e7\u00f5es de 2018 foi eleita deputada estadual com 86.320 votos.<div>Logo ap\u00f3s ser anunciada como a candidata a senadora, \u00c9rika Amorim participou de uma caminhada no bairro Ant\u00f4nio Bezerra, neste s\u00e1bado, dia 20 de agosto, ao lado de Roberto Cl\u00e1udio, Domingos Filho e Amarilio Macedo.<br><\/div><\/p>\n\n\n\n<figure class=\"wp-block-image size-large\"><img loading=\"lazy\" decoding=\"async\" width=\"1024\" height=\"683\" src=\"https:\/\/blogdorogeriogomes.com.br\/wp-content\/uploads\/2022\/08\/IMG-20220820-WA0022-1024x683.jpg\" alt=\"\" class=\"wp-image-26512\" srcset=\"https:\/\/blogdorogeriogomes.com.br\/noticias\/wp-content\/uploads\/2022\/08\/IMG-20220820-WA0022-1024x683.jpg 1024w, https:\/\/blogdorogeriogomes.com.br\/noticias\/wp-content\/uploads\/2022\/08\/IMG-20220820-WA0022-300x200.jpg 300w, https:\/\/blogdorogeriogomes.com.br\/noticias\/wp-content\/uploads\/2022\/08\/IMG-20220820-WA0022-768x512.jpg 768w, https:\/\/blogdorogeriogomes.com.br\/noticias\/wp-content\/uploads\/2022\/08\/IMG-20220820-WA0022-1536x1024.jpg 1536w, https:\/\/blogdorogeriogomes.com.br\/noticias\/wp-content\/uploads\/2022\/08\/IMG-20220820-WA0022-800x533.jpg 800w, https:\/\/blogdorogeriogomes.com.br\/noticias\/wp-content\/uploads\/2022\/08\/IMG-20220820-WA0022.jpg 1599w\" sizes=\"auto, (max-width: 1024px) 100vw, 1024px\" \/><\/figure>\n","protected":false},"excerpt":{"rendered":"<p>Ap\u00f3s a desist\u00eancia da vereadora Enfermeira Ana Paula (PDT), a deputada estadual \u00c9rika Amorim (PSD) ser\u00e1 a candidata ao Senado na chapa de Roberto Cl\u00e1udio (PDT). Ela vai substituir o empres\u00e1rio Amarilio Macedo (PSDB) que foi impedido de concorrer porque o seu partido decidiu pela neutralidade na disputa estadual. \u00c9rika Amorim \u00e9 casada com o ex-prefeito de Caucaia, Naumi Amorim. Ela nasceu em Fortaleza e nas elei\u00e7\u00f5es de 2018 foi eleita deputada estadual com 86.320 votos. Logo ap\u00f3s ser&hellip;<\/p>\n","protected":false},"author":1,"featured_media":26512,"comment_status":"open","ping_status":"open","sticky":false,"template":"","format":"standard","meta":{"footnotes":""},"categories":[1],"tags":[],"class_list":["post-26511","post","type-post","status-publish","format-standard","has-post-thumbnail","hentry","category-noticias"],"_links":{"self":[{"href":"https:\/\/blogdorogeriogomes.com.br\/noticias\/wp-json\/wp\/v2\/posts\/26511","targetHints":{"allow":["GET"]}}],"collection":[{"href":"https:\/\/blogdorogeriogomes.com.br\/noticias\/wp-json\/wp\/v2\/posts"}],"about":[{"href":"https:\/\/blogdorogeriogomes.com.br\/noticias\/wp-json\/wp\/v2\/types\/post"}],"author":[{"embeddable":true,"href":"https:\/\/blogdorogeriogomes.com.br\/noticias\/wp-json\/wp\/v2\/users\/1"}],"replies":[{"embeddable":true,"href":"https:\/\/blogdorogeriogomes.com.br\/noticias\/wp-json\/wp\/v2\/comments?post=26511"}],"version-history":[{"count":1,"href":"https:\/\/blogdorogeriogomes.com.br\/noticias\/wp-json\/wp\/v2\/posts\/26511\/revisions"}],"predecessor-version":[{"id":26513,"href":"https:\/\/blogdorogeriogomes.com.br\/noticias\/wp-json\/wp\/v2\/posts\/26511\/revisions\/26513"}],"wp:featuredmedia":[{"embeddable":true,"href":"https:\/\/blogdorogeriogomes.com.br\/noticias\/wp-json\/wp\/v2\/media\/26512"}],"wp:attachment":[{"href":"https:\/\/blogdorogeriogomes.com.br\/noticias\/wp-json\/wp\/v2\/media?parent=26511"}],"wp:term":[{"taxonomy":"category","embeddable":true,"href":"https:\/\/blogdorogeriogomes.com.br\/noticias\/wp-json\/wp\/v2\/categories?post=26511"},{"taxonomy":"post_tag","embeddable":true,"href":"https:\/\/blogdorogeriogomes.com.br\/noticias\/wp-json\/wp\/v2\/tags?post=26511"}],"curies":[{"name":"wp","href":"https:\/\/api.w.org\/{rel}","templated":true}]}}