{"id":26514,"date":"2022-08-22T11:32:24","date_gmt":"2022-08-22T11:32:24","guid":{"rendered":"https:\/\/blogdorogeriogomes.com.br\/?p=26514"},"modified":"2022-08-24T15:21:58","modified_gmt":"2022-08-24T15:21:58","slug":"ciro-gomes-cumpre-agenda-em-fortaleza-com-rc-e-fala-em-traicao-de-ex-aliados-politicos","status":"publish","type":"post","link":"https:\/\/blogdorogeriogomes.com.br\/noticias\/2022\/08\/ciro-gomes-cumpre-agenda-em-fortaleza-com-rc-e-fala-em-traicao-de-ex-aliados-politicos\/","title":{"rendered":"Ciro Gomes cumpre agenda em Fortaleza com RC e fala em &#8220;trai\u00e7\u00e3o&#8221; de ex-aliados pol\u00edticos"},"content":{"rendered":"\n<p>O candidato \u00e0 Presid\u00eancia da Rep\u00fablica pelo PDT, Ciro Gomes, cumpriu agenda no domingo, dia 21 de agosto, em Fortaleza, ao lado do ex-prefeito Roberto Cl\u00e1udio, que concorre pelo partido ao Governo do Estado. Cercado de outras lideran\u00e7as pedetistas, Ciro e RC visitaram o Mercado S\u00e3o Sebasti\u00e3o. <\/p>\n\n\n\n<p>Durante a atividade de campanha, Ciro Gomes lamentou o que chamou de &#8220;trai\u00e7\u00e3o&#8221; de ex-aliados pol\u00edticos. &#8220;Hoje os meus sentimentos pessoais no Cear\u00e1 s\u00e3o muito sofridos. Saber o que eu fiz por determinadas pessoas, em tudo que eu pude dar, criei a condi\u00e7\u00e3o para essas pessoas brilharem e hoje sentir o espinho da trai\u00e7\u00e3o \u00e9 uma coisa amarga. Mas eu n\u00e3o t\u00f4 aqui para mimimi&#8221;,&nbsp;disse o pedetista.<\/p>\n\n\n\n<p>Ciro Gomes se referia ao grupo pol\u00edtico liderado hoje pelo ex-governador Camilo Santana (PT), que tem como candidato ao Governo, o deputado estadual Elmano de Freitas. Questionado pelos jornalistas, Ciro Gomes n\u00e3o quis comentar a aus\u00eancia dos irm\u00e3os Cid e Ivo Ferreira Gomes da campanha de Roberto Cl\u00e1udio. Na semana passada, Ivo declarou o voto para Camilo Santana ao Senado.<\/p>\n\n\n\n<figure class=\"wp-block-image size-full\"><img loading=\"lazy\" decoding=\"async\" width=\"678\" height=\"452\" src=\"https:\/\/blogdorogeriogomes.com.br\/wp-content\/uploads\/2022\/08\/images-54.jpeg\" alt=\"\" class=\"wp-image-26515\" srcset=\"https:\/\/blogdorogeriogomes.com.br\/noticias\/wp-content\/uploads\/2022\/08\/images-54.jpeg 678w, https:\/\/blogdorogeriogomes.com.br\/noticias\/wp-content\/uploads\/2022\/08\/images-54-300x200.jpeg 300w\" sizes=\"auto, (max-width: 678px) 100vw, 678px\" \/><\/figure>\n","protected":false},"excerpt":{"rendered":"<p>O candidato \u00e0 Presid\u00eancia da Rep\u00fablica pelo PDT, Ciro Gomes, cumpriu agenda no domingo, dia 21 de agosto, em Fortaleza, ao lado do ex-prefeito Roberto Cl\u00e1udio, que concorre pelo partido ao Governo do Estado. Cercado de outras lideran\u00e7as pedetistas, Ciro e RC visitaram o Mercado S\u00e3o Sebasti\u00e3o. Durante a atividade de campanha, Ciro Gomes lamentou o que chamou de &#8220;trai\u00e7\u00e3o&#8221; de ex-aliados pol\u00edticos. &#8220;Hoje os meus sentimentos pessoais no Cear\u00e1 s\u00e3o muito sofridos. Saber o que eu fiz por&hellip;<\/p>\n","protected":false},"author":1,"featured_media":26515,"comment_status":"open","ping_status":"open","sticky":false,"template":"","format":"standard","meta":{"footnotes":""},"categories":[1],"tags":[],"class_list":["post-26514","post","type-post","status-publish","format-standard","has-post-thumbnail","hentry","category-noticias"],"_links":{"self":[{"href":"https:\/\/blogdorogeriogomes.com.br\/noticias\/wp-json\/wp\/v2\/posts\/26514","targetHints":{"allow":["GET"]}}],"collection":[{"href":"https:\/\/blogdorogeriogomes.com.br\/noticias\/wp-json\/wp\/v2\/posts"}],"about":[{"href":"https:\/\/blogdorogeriogomes.com.br\/noticias\/wp-json\/wp\/v2\/types\/post"}],"author":[{"embeddable":true,"href":"https:\/\/blogdorogeriogomes.com.br\/noticias\/wp-json\/wp\/v2\/users\/1"}],"replies":[{"embeddable":true,"href":"https:\/\/blogdorogeriogomes.com.br\/noticias\/wp-json\/wp\/v2\/comments?post=26514"}],"version-history":[{"count":2,"href":"https:\/\/blogdorogeriogomes.com.br\/noticias\/wp-json\/wp\/v2\/posts\/26514\/revisions"}],"predecessor-version":[{"id":26552,"href":"https:\/\/blogdorogeriogomes.com.br\/noticias\/wp-json\/wp\/v2\/posts\/26514\/revisions\/26552"}],"wp:featuredmedia":[{"embeddable":true,"href":"https:\/\/blogdorogeriogomes.com.br\/noticias\/wp-json\/wp\/v2\/media\/26515"}],"wp:attachment":[{"href":"https:\/\/blogdorogeriogomes.com.br\/noticias\/wp-json\/wp\/v2\/media?parent=26514"}],"wp:term":[{"taxonomy":"category","embeddable":true,"href":"https:\/\/blogdorogeriogomes.com.br\/noticias\/wp-json\/wp\/v2\/categories?post=26514"},{"taxonomy":"post_tag","embeddable":true,"href":"https:\/\/blogdorogeriogomes.com.br\/noticias\/wp-json\/wp\/v2\/tags?post=26514"}],"curies":[{"name":"wp","href":"https:\/\/api.w.org\/{rel}","templated":true}]}}