{"id":26520,"date":"2022-08-22T22:58:20","date_gmt":"2022-08-22T22:58:20","guid":{"rendered":"https:\/\/blogdorogeriogomes.com.br\/?p=26520"},"modified":"2022-08-24T15:21:40","modified_gmt":"2022-08-24T15:21:40","slug":"candidatos-ao-governo-do-ceara-cumprem-agendas-em-fortaleza-e-no-interior-nesta-terca-feira","status":"publish","type":"post","link":"https:\/\/blogdorogeriogomes.com.br\/noticias\/2022\/08\/candidatos-ao-governo-do-ceara-cumprem-agendas-em-fortaleza-e-no-interior-nesta-terca-feira\/","title":{"rendered":"Candidatos ao Governo do Cear\u00e1 cumprem agendas em Fortaleza e no interior nesta ter\u00e7a-feira"},"content":{"rendered":"\n<p>Os tr\u00eas candidados ao Governo do Cear\u00e1, que est\u00e3o melhor colocados nas pesquisas eleitorais, cumprem agenda em Fortaleza e em munic\u00edpios do interior nesta ter\u00e7a-feira, dia 23 de agosto.<\/p>\n\n\n\n<p>Capit\u00e3o Wagner (Uni\u00e3o Brasil) d\u00e1 entrevista a meios de comunica\u00e7\u00e3o, grava propaganda eleitoral e participa da inaugura\u00e7\u00e3o de comit\u00eas de aliados pol\u00edticos em Fortaleza e em Maracana\u00fa.<\/p>\n\n\n\n<p>J\u00e1 Elmano de Freitas, faz caminhada no Jangurussu e no Santa Filomena, em Fortaleza, grava propaganda eleitoral e ter\u00e1 atividades de campanha no munic\u00edpio de Pacatuba.<\/p>\n\n\n\n<p>Roberto Cl\u00e1udio (PDT) ter\u00e1 reuni\u00e3o com equipe do Plano de Governo, grava programa eleitoral e concede entrevista a meios de comunica\u00e7\u00e3o.<\/p>\n\n\n\n<figure class=\"wp-block-image size-full\"><img loading=\"lazy\" decoding=\"async\" width=\"739\" height=\"415\" src=\"https:\/\/blogdorogeriogomes.com.br\/wp-content\/uploads\/2022\/08\/images-55.jpeg\" alt=\"\" class=\"wp-image-26521\" srcset=\"https:\/\/blogdorogeriogomes.com.br\/noticias\/wp-content\/uploads\/2022\/08\/images-55.jpeg 739w, https:\/\/blogdorogeriogomes.com.br\/noticias\/wp-content\/uploads\/2022\/08\/images-55-300x168.jpeg 300w\" sizes=\"auto, (max-width: 739px) 100vw, 739px\" \/><\/figure>\n","protected":false},"excerpt":{"rendered":"<p>Os tr\u00eas candidados ao Governo do Cear\u00e1, que est\u00e3o melhor colocados nas pesquisas eleitorais, cumprem agenda em Fortaleza e em munic\u00edpios do interior nesta ter\u00e7a-feira, dia 23 de agosto. Capit\u00e3o Wagner (Uni\u00e3o Brasil) d\u00e1 entrevista a meios de comunica\u00e7\u00e3o, grava propaganda eleitoral e participa da inaugura\u00e7\u00e3o de comit\u00eas de aliados pol\u00edticos em Fortaleza e em Maracana\u00fa. J\u00e1 Elmano de Freitas, faz caminhada no Jangurussu e no Santa Filomena, em Fortaleza, grava propaganda eleitoral e ter\u00e1 atividades de campanha no&hellip;<\/p>\n","protected":false},"author":1,"featured_media":26521,"comment_status":"open","ping_status":"open","sticky":false,"template":"","format":"standard","meta":{"footnotes":""},"categories":[1],"tags":[],"class_list":["post-26520","post","type-post","status-publish","format-standard","has-post-thumbnail","hentry","category-noticias"],"_links":{"self":[{"href":"https:\/\/blogdorogeriogomes.com.br\/noticias\/wp-json\/wp\/v2\/posts\/26520","targetHints":{"allow":["GET"]}}],"collection":[{"href":"https:\/\/blogdorogeriogomes.com.br\/noticias\/wp-json\/wp\/v2\/posts"}],"about":[{"href":"https:\/\/blogdorogeriogomes.com.br\/noticias\/wp-json\/wp\/v2\/types\/post"}],"author":[{"embeddable":true,"href":"https:\/\/blogdorogeriogomes.com.br\/noticias\/wp-json\/wp\/v2\/users\/1"}],"replies":[{"embeddable":true,"href":"https:\/\/blogdorogeriogomes.com.br\/noticias\/wp-json\/wp\/v2\/comments?post=26520"}],"version-history":[{"count":1,"href":"https:\/\/blogdorogeriogomes.com.br\/noticias\/wp-json\/wp\/v2\/posts\/26520\/revisions"}],"predecessor-version":[{"id":26522,"href":"https:\/\/blogdorogeriogomes.com.br\/noticias\/wp-json\/wp\/v2\/posts\/26520\/revisions\/26522"}],"wp:featuredmedia":[{"embeddable":true,"href":"https:\/\/blogdorogeriogomes.com.br\/noticias\/wp-json\/wp\/v2\/media\/26521"}],"wp:attachment":[{"href":"https:\/\/blogdorogeriogomes.com.br\/noticias\/wp-json\/wp\/v2\/media?parent=26520"}],"wp:term":[{"taxonomy":"category","embeddable":true,"href":"https:\/\/blogdorogeriogomes.com.br\/noticias\/wp-json\/wp\/v2\/categories?post=26520"},{"taxonomy":"post_tag","embeddable":true,"href":"https:\/\/blogdorogeriogomes.com.br\/noticias\/wp-json\/wp\/v2\/tags?post=26520"}],"curies":[{"name":"wp","href":"https:\/\/api.w.org\/{rel}","templated":true}]}}