{"id":26535,"date":"2022-08-23T22:44:25","date_gmt":"2022-08-23T22:44:25","guid":{"rendered":"https:\/\/blogdorogeriogomes.com.br\/?p=26535"},"modified":"2022-08-24T15:23:04","modified_gmt":"2022-08-24T15:23:04","slug":"izolda-cela-e-vitor-valim-fazem-vistoria-na-obra-dos-novos-espigoes-da-praia-do-icarai-em-caucaia","status":"publish","type":"post","link":"https:\/\/blogdorogeriogomes.com.br\/noticias\/2022\/08\/izolda-cela-e-vitor-valim-fazem-vistoria-na-obra-dos-novos-espigoes-da-praia-do-icarai-em-caucaia\/","title":{"rendered":"Izolda Cela e Vitor Valim fazem vistoria na obra dos novos espig\u00f5es da praia do Icara\u00ed, em Caucaia"},"content":{"rendered":"\n<p>A governadora do Cear\u00e1, Izolda Cela, e o prefeito de Caucaia, Vitor Valim, visitaram nesta ter\u00e7a-feira, dia 23 de agosto, a obra dos novos espig\u00f5es da praia do Icara\u00ed.<\/p>\n\n\n\n<p>Com a obra iniciada em abril deste ano, atualmente, a regi\u00e3o j\u00e1 conta com uma estrutura pronta, uma segunda estrutura com cerca de 320 metros e o terceiro equipamento j\u00e1 iniciado, atualmente com cerca de 60 metros.<\/p>\n\n\n\n<p>De acordo com a Secretaria Municipal de Infraestrutura, a previs\u00e3o \u00e9 que a primeira fase da requalifica\u00e7\u00e3o do litoral, com os tr\u00eas primeiros espig\u00f5es da regi\u00e3o do Icara\u00ed, deve ser conclu\u00edda at\u00e9 a primeira semana de dezembro.<\/p>\n\n\n\n<p>Em parceria com o Governo do Estado, a obra \u00e9 or\u00e7ada em R$ 44 milh\u00f5es, com recursos pr\u00f3prios da Prefeitura de Caucaia e do Governo do Estado, e tem prazo de conclus\u00e3o estimado em 12 meses. No total, o Projeto de Recupera\u00e7\u00e3o do Litoral de Caucaia prev\u00ea a constru\u00e7\u00e3o de 11 espig\u00f5es, e o investimento de cerca de R$ 174 milh\u00f5es, com recursos da Prefeitura de Caucaia e do Governo do Estado.<\/p>\n\n\n\n<figure class=\"wp-block-image size-full\"><img loading=\"lazy\" decoding=\"async\" width=\"1024\" height=\"576\" src=\"https:\/\/blogdorogeriogomes.com.br\/wp-content\/uploads\/2022\/08\/IMG-20220823-WA0104.jpg\" alt=\"\" class=\"wp-image-26536\" srcset=\"https:\/\/blogdorogeriogomes.com.br\/noticias\/wp-content\/uploads\/2022\/08\/IMG-20220823-WA0104.jpg 1024w, https:\/\/blogdorogeriogomes.com.br\/noticias\/wp-content\/uploads\/2022\/08\/IMG-20220823-WA0104-300x169.jpg 300w, https:\/\/blogdorogeriogomes.com.br\/noticias\/wp-content\/uploads\/2022\/08\/IMG-20220823-WA0104-768x432.jpg 768w, https:\/\/blogdorogeriogomes.com.br\/noticias\/wp-content\/uploads\/2022\/08\/IMG-20220823-WA0104-800x450.jpg 800w\" sizes=\"auto, (max-width: 1024px) 100vw, 1024px\" \/><\/figure>\n\n\n\n<p><\/p>\n\n\n\n<p><\/p>\n","protected":false},"excerpt":{"rendered":"<p>A governadora do Cear\u00e1, Izolda Cela, e o prefeito de Caucaia, Vitor Valim, visitaram nesta ter\u00e7a-feira, dia 23 de agosto, a obra dos novos espig\u00f5es da praia do Icara\u00ed. Com a obra iniciada em abril deste ano, atualmente, a regi\u00e3o j\u00e1 conta com uma estrutura pronta, uma segunda estrutura com cerca de 320 metros e o terceiro equipamento j\u00e1 iniciado, atualmente com cerca de 60 metros. De acordo com a Secretaria Municipal de Infraestrutura, a previs\u00e3o \u00e9 que a&hellip;<\/p>\n","protected":false},"author":1,"featured_media":26536,"comment_status":"open","ping_status":"open","sticky":false,"template":"","format":"standard","meta":{"footnotes":""},"categories":[1],"tags":[],"class_list":["post-26535","post","type-post","status-publish","format-standard","has-post-thumbnail","hentry","category-noticias"],"_links":{"self":[{"href":"https:\/\/blogdorogeriogomes.com.br\/noticias\/wp-json\/wp\/v2\/posts\/26535","targetHints":{"allow":["GET"]}}],"collection":[{"href":"https:\/\/blogdorogeriogomes.com.br\/noticias\/wp-json\/wp\/v2\/posts"}],"about":[{"href":"https:\/\/blogdorogeriogomes.com.br\/noticias\/wp-json\/wp\/v2\/types\/post"}],"author":[{"embeddable":true,"href":"https:\/\/blogdorogeriogomes.com.br\/noticias\/wp-json\/wp\/v2\/users\/1"}],"replies":[{"embeddable":true,"href":"https:\/\/blogdorogeriogomes.com.br\/noticias\/wp-json\/wp\/v2\/comments?post=26535"}],"version-history":[{"count":1,"href":"https:\/\/blogdorogeriogomes.com.br\/noticias\/wp-json\/wp\/v2\/posts\/26535\/revisions"}],"predecessor-version":[{"id":26537,"href":"https:\/\/blogdorogeriogomes.com.br\/noticias\/wp-json\/wp\/v2\/posts\/26535\/revisions\/26537"}],"wp:featuredmedia":[{"embeddable":true,"href":"https:\/\/blogdorogeriogomes.com.br\/noticias\/wp-json\/wp\/v2\/media\/26536"}],"wp:attachment":[{"href":"https:\/\/blogdorogeriogomes.com.br\/noticias\/wp-json\/wp\/v2\/media?parent=26535"}],"wp:term":[{"taxonomy":"category","embeddable":true,"href":"https:\/\/blogdorogeriogomes.com.br\/noticias\/wp-json\/wp\/v2\/categories?post=26535"},{"taxonomy":"post_tag","embeddable":true,"href":"https:\/\/blogdorogeriogomes.com.br\/noticias\/wp-json\/wp\/v2\/tags?post=26535"}],"curies":[{"name":"wp","href":"https:\/\/api.w.org\/{rel}","templated":true}]}}