{"id":26538,"date":"2022-08-24T01:06:26","date_gmt":"2022-08-24T01:06:26","guid":{"rendered":"https:\/\/blogdorogeriogomes.com.br\/?p=26538"},"modified":"2022-08-24T15:23:02","modified_gmt":"2022-08-24T15:23:02","slug":"ciro-gomes-defende-adocao-de-um-programa-de-renda-minima-e-realizacao-de-plebiscitos-em-entrevista-ao-jn","status":"publish","type":"post","link":"https:\/\/blogdorogeriogomes.com.br\/noticias\/2022\/08\/ciro-gomes-defende-adocao-de-um-programa-de-renda-minima-e-realizacao-de-plebiscitos-em-entrevista-ao-jn\/","title":{"rendered":"Ciro Gomes defende ado\u00e7\u00e3o de um programa de renda m\u00ednima e realiza\u00e7\u00e3o de plebiscitos em entrevista ao JN"},"content":{"rendered":"\n<p>Mostrando serenidade e modera\u00e7\u00e3o, o candidato do PDT \u00e0 Presid\u00eancia da Rep\u00fablica, Ciro Gomes, foi o entrevistado desta ter\u00e7a-feira, dia 23 de agosto, do Jornal Nacional, da TV Globo. Entre projetos importantes anunciados pelo pedetista, est\u00e3o a cria\u00e7\u00e3o de um programa de renda m\u00ednima para pessoas de baixa renda no valor de R$ 1.000 e a realiza\u00e7\u00e3o de plebiscitos para ouvir a opini\u00e3o da popula\u00e7\u00e3o em situa\u00e7\u00f5es que o Congresso Nacional n\u00e3o conseguir entrar um consenso.<\/p>\n\n\n\n<p>Ciro Gomes foi questionado pela falta de alian\u00e7as na sua candidatura \u00e0 Presid\u00eancia da Rep\u00fablica pelo PDT. Ele voltou a criticar o ambiente de polariza\u00e7\u00e3o entre Lula e Bolsonaro, que hoje alcan\u00e7a cerca de 79% do eleitorado segundo as principais pesquisas eleitorais. \u201cEu estou tentando mostrar para o povo brasileiro que essa polariza\u00e7\u00e3o odienta, que eu n\u00e3o ajudei a construir. Pelo contr\u00e1rio, estava l\u00e1 em 2018, tentando advertir que as pessoas n\u00e3o podiam usar a promessa enganosa do Bolsonaro para repudiar a corrup\u00e7\u00e3o generalizada e o colapso econ\u00f4mico grav\u00edssimo que foram produzidos pelo PT. Isso aconteceu no Brasil e agora, est\u00e1-se tentando repetir uma esp\u00e9cie de 2018&#8243;, disse o pedetista.&nbsp;<\/p>\n\n\n\n<p>Ciro afirmou que, caso eleito, n\u00e3o ir\u00e1 buscar a elei\u00e7\u00e3o. Para ele, seu maior desafio ser\u00e1 adotar um novo modelo de governabilidade para fugir do sistema de &#8220;toma l\u00e1, d\u00e1 c\u00e1&#8221; no Congresso Nacional. O pedetista diz ser poss\u00edvel fazer mudan\u00e7as, mesmo sem maioria parlamentar. Para ele, governar com Centr\u00e3o \u00e9 &#8220;certeza de uma crise eterna&#8221;, pontuou.<\/p>\n\n\n\n<figure class=\"wp-block-image size-full\"><img loading=\"lazy\" decoding=\"async\" width=\"540\" height=\"304\" src=\"https:\/\/blogdorogeriogomes.com.br\/wp-content\/uploads\/2022\/08\/ciro-final.jpg\" alt=\"\" class=\"wp-image-26539\" srcset=\"https:\/\/blogdorogeriogomes.com.br\/noticias\/wp-content\/uploads\/2022\/08\/ciro-final.jpg 540w, https:\/\/blogdorogeriogomes.com.br\/noticias\/wp-content\/uploads\/2022\/08\/ciro-final-300x169.jpg 300w\" sizes=\"auto, (max-width: 540px) 100vw, 540px\" \/><\/figure>\n","protected":false},"excerpt":{"rendered":"<p>Mostrando serenidade e modera\u00e7\u00e3o, o candidato do PDT \u00e0 Presid\u00eancia da Rep\u00fablica, Ciro Gomes, foi o entrevistado desta ter\u00e7a-feira, dia 23 de agosto, do Jornal Nacional, da TV Globo. Entre projetos importantes anunciados pelo pedetista, est\u00e3o a cria\u00e7\u00e3o de um programa de renda m\u00ednima para pessoas de baixa renda no valor de R$ 1.000 e a realiza\u00e7\u00e3o de plebiscitos para ouvir a opini\u00e3o da popula\u00e7\u00e3o em situa\u00e7\u00f5es que o Congresso Nacional n\u00e3o conseguir entrar um consenso. Ciro Gomes foi&hellip;<\/p>\n","protected":false},"author":1,"featured_media":26539,"comment_status":"open","ping_status":"open","sticky":false,"template":"","format":"standard","meta":{"footnotes":""},"categories":[1],"tags":[],"class_list":["post-26538","post","type-post","status-publish","format-standard","has-post-thumbnail","hentry","category-noticias"],"_links":{"self":[{"href":"https:\/\/blogdorogeriogomes.com.br\/noticias\/wp-json\/wp\/v2\/posts\/26538","targetHints":{"allow":["GET"]}}],"collection":[{"href":"https:\/\/blogdorogeriogomes.com.br\/noticias\/wp-json\/wp\/v2\/posts"}],"about":[{"href":"https:\/\/blogdorogeriogomes.com.br\/noticias\/wp-json\/wp\/v2\/types\/post"}],"author":[{"embeddable":true,"href":"https:\/\/blogdorogeriogomes.com.br\/noticias\/wp-json\/wp\/v2\/users\/1"}],"replies":[{"embeddable":true,"href":"https:\/\/blogdorogeriogomes.com.br\/noticias\/wp-json\/wp\/v2\/comments?post=26538"}],"version-history":[{"count":2,"href":"https:\/\/blogdorogeriogomes.com.br\/noticias\/wp-json\/wp\/v2\/posts\/26538\/revisions"}],"predecessor-version":[{"id":26549,"href":"https:\/\/blogdorogeriogomes.com.br\/noticias\/wp-json\/wp\/v2\/posts\/26538\/revisions\/26549"}],"wp:featuredmedia":[{"embeddable":true,"href":"https:\/\/blogdorogeriogomes.com.br\/noticias\/wp-json\/wp\/v2\/media\/26539"}],"wp:attachment":[{"href":"https:\/\/blogdorogeriogomes.com.br\/noticias\/wp-json\/wp\/v2\/media?parent=26538"}],"wp:term":[{"taxonomy":"category","embeddable":true,"href":"https:\/\/blogdorogeriogomes.com.br\/noticias\/wp-json\/wp\/v2\/categories?post=26538"},{"taxonomy":"post_tag","embeddable":true,"href":"https:\/\/blogdorogeriogomes.com.br\/noticias\/wp-json\/wp\/v2\/tags?post=26538"}],"curies":[{"name":"wp","href":"https:\/\/api.w.org\/{rel}","templated":true}]}}