{"id":26541,"date":"2022-08-24T11:39:08","date_gmt":"2022-08-24T11:39:08","guid":{"rendered":"https:\/\/blogdorogeriogomes.com.br\/?p=26541"},"modified":"2022-08-24T15:22:59","modified_gmt":"2022-08-24T15:22:59","slug":"propaganda-eleitoral-no-radio-e-na-tv-comeca-para-os-candidatos-a-governador-na-proxima-sexta-feira","status":"publish","type":"post","link":"https:\/\/blogdorogeriogomes.com.br\/noticias\/2022\/08\/propaganda-eleitoral-no-radio-e-na-tv-comeca-para-os-candidatos-a-governador-na-proxima-sexta-feira\/","title":{"rendered":"Propaganda eleitoral no r\u00e1dio e na TV come\u00e7a para os candidatos a governador na pr\u00f3xima sexta-feira"},"content":{"rendered":"\n<p>A propaganda eleitoral gratuita em r\u00e1dio e televis\u00e3o para as Elei\u00e7\u00f5es 2022 no Cear\u00e1 come\u00e7a na pr\u00f3xima sexta-feira, dia 26 de agosto, e seguir\u00e1 at\u00e9 o dia 29 de setembro no 1\u00b0 turno.<\/p>\n\n\n\n<p>\u00c0s segundas, quartas e sextas-feiras, a propaganda \u00e9 destinada para candidatos a deputado estadual, senador e governador, e ser\u00e1 veiculada das 7h \u00e0s 7h25min e das 12h \u00e0s 12h25min no r\u00e1dio. Na TV, a veicula\u00e7\u00e3o \u00e9 das 13h \u00e0s 13h25min e das 20h30 \u00e0s 20h55min.<\/p>\n\n\n\n<p>Ter\u00e7as, quintas e s\u00e1bados, a propaganda ser\u00e1 para os candidatos a deputado federal e presidente e s\u00e3o transmitidas nos mesmos hor\u00e1rios dos outros dias.<\/p>\n\n\n\n<p>Em rela\u00e7\u00e3o \u00e0s inser\u00e7\u00f5es, as emissoras de r\u00e1dio e TV dever\u00e3o reservar 70 minutos di\u00e1rios para a propaganda eleitoral gratuita em inser\u00e7\u00f5es de 30 e 60 segundos, a crit\u00e9rio do respectivo partido pol\u00edtico, da federa\u00e7\u00e3o ou da coliga\u00e7\u00e3o. As inser\u00e7\u00f5es devem ser veiculadas entre as 5h e meia-noite.<\/p>\n\n\n\n<p>Para o Governo do Estado, a dura\u00e7\u00e3o e a ordem de veicula\u00e7\u00e3o do primeiro dia do programa em r\u00e1dio e TV foram as seguintes:&nbsp;<\/p>\n\n\n\n<p>Capit\u00e3o Wagner (Uni\u00e3o Brasil): 3&#8217;50<\/p>\n\n\n\n<p>Elmano de Freitas (PT): 3&#8217;37<\/p>\n\n\n\n<p>Roberto Cl\u00e1udio (PDT): 2&#8217;32<\/p>\n\n\n\n<p>Serley Leal (Unidade Popular): 20 segundos<\/p>\n\n\n\n<p>Chico Malta (PCB): 20 segundos<\/p>\n\n\n\n<p>Z\u00e9 Raimundo (PSTU): 20 segundos<\/p>\n\n\n\n<figure class=\"wp-block-image size-full\"><img loading=\"lazy\" decoding=\"async\" width=\"679\" height=\"452\" src=\"https:\/\/blogdorogeriogomes.com.br\/wp-content\/uploads\/2022\/08\/images-58.jpeg\" alt=\"\" class=\"wp-image-26542\" srcset=\"https:\/\/blogdorogeriogomes.com.br\/noticias\/wp-content\/uploads\/2022\/08\/images-58.jpeg 679w, https:\/\/blogdorogeriogomes.com.br\/noticias\/wp-content\/uploads\/2022\/08\/images-58-300x200.jpeg 300w\" sizes=\"auto, (max-width: 679px) 100vw, 679px\" \/><\/figure>\n","protected":false},"excerpt":{"rendered":"<p>A propaganda eleitoral gratuita em r\u00e1dio e televis\u00e3o para as Elei\u00e7\u00f5es 2022 no Cear\u00e1 come\u00e7a na pr\u00f3xima sexta-feira, dia 26 de agosto, e seguir\u00e1 at\u00e9 o dia 29 de setembro no 1\u00b0 turno. \u00c0s segundas, quartas e sextas-feiras, a propaganda \u00e9 destinada para candidatos a deputado estadual, senador e governador, e ser\u00e1 veiculada das 7h \u00e0s 7h25min e das 12h \u00e0s 12h25min no r\u00e1dio. Na TV, a veicula\u00e7\u00e3o \u00e9 das 13h \u00e0s 13h25min e das 20h30 \u00e0s 20h55min. Ter\u00e7as,&hellip;<\/p>\n","protected":false},"author":1,"featured_media":26542,"comment_status":"open","ping_status":"open","sticky":false,"template":"","format":"standard","meta":{"footnotes":""},"categories":[1],"tags":[],"class_list":["post-26541","post","type-post","status-publish","format-standard","has-post-thumbnail","hentry","category-noticias"],"_links":{"self":[{"href":"https:\/\/blogdorogeriogomes.com.br\/noticias\/wp-json\/wp\/v2\/posts\/26541","targetHints":{"allow":["GET"]}}],"collection":[{"href":"https:\/\/blogdorogeriogomes.com.br\/noticias\/wp-json\/wp\/v2\/posts"}],"about":[{"href":"https:\/\/blogdorogeriogomes.com.br\/noticias\/wp-json\/wp\/v2\/types\/post"}],"author":[{"embeddable":true,"href":"https:\/\/blogdorogeriogomes.com.br\/noticias\/wp-json\/wp\/v2\/users\/1"}],"replies":[{"embeddable":true,"href":"https:\/\/blogdorogeriogomes.com.br\/noticias\/wp-json\/wp\/v2\/comments?post=26541"}],"version-history":[{"count":1,"href":"https:\/\/blogdorogeriogomes.com.br\/noticias\/wp-json\/wp\/v2\/posts\/26541\/revisions"}],"predecessor-version":[{"id":26543,"href":"https:\/\/blogdorogeriogomes.com.br\/noticias\/wp-json\/wp\/v2\/posts\/26541\/revisions\/26543"}],"wp:featuredmedia":[{"embeddable":true,"href":"https:\/\/blogdorogeriogomes.com.br\/noticias\/wp-json\/wp\/v2\/media\/26542"}],"wp:attachment":[{"href":"https:\/\/blogdorogeriogomes.com.br\/noticias\/wp-json\/wp\/v2\/media?parent=26541"}],"wp:term":[{"taxonomy":"category","embeddable":true,"href":"https:\/\/blogdorogeriogomes.com.br\/noticias\/wp-json\/wp\/v2\/categories?post=26541"},{"taxonomy":"post_tag","embeddable":true,"href":"https:\/\/blogdorogeriogomes.com.br\/noticias\/wp-json\/wp\/v2\/tags?post=26541"}],"curies":[{"name":"wp","href":"https:\/\/api.w.org\/{rel}","templated":true}]}}