{"id":26544,"date":"2022-08-24T11:59:21","date_gmt":"2022-08-24T11:59:21","guid":{"rendered":"https:\/\/blogdorogeriogomes.com.br\/?p=26544"},"modified":"2022-08-24T15:22:55","modified_gmt":"2022-08-24T15:22:55","slug":"prefeitura-de-fortaleza-realiza-programacao-especial-para-criancas-e-inaugura-casa-do-turista-e-museu-do-bode-ioio","status":"publish","type":"post","link":"https:\/\/blogdorogeriogomes.com.br\/noticias\/2022\/08\/prefeitura-de-fortaleza-realiza-programacao-especial-para-criancas-e-inaugura-casa-do-turista-e-museu-do-bode-ioio\/","title":{"rendered":"Prefeitura de Fortaleza realiza programa\u00e7\u00e3o especial para crian\u00e7as e inaugura Casa do Turista e Museu do Bode Ioi\u00f4"},"content":{"rendered":"\n<p>A Prefeitura de Fortaleza, por meio da Secretaria Municipal do Turismo e da Coordenadoria Especial da Primeira Inf\u00e2ncia, promove uma programa\u00e7\u00e3o nesta quarta-feira, dia 24 de agosto, na Cidade da Crian\u00e7a, para celebrar o Dia da Nacional da Inf\u00e2ncia. Na ocasi\u00e3o, ser\u00e3o inaugurados a Casa do Turista e o Museu do Bode Ioi\u00f4.<\/p>\n\n\n\n<p>As Casas do Turista s\u00e3o locais onde o visitante recebe informa\u00e7\u00f5es \u00fateis sobre Fortaleza, como op\u00e7\u00f5es de passeios, indica\u00e7\u00e3o de restaurantes, localiza\u00e7\u00e3o de caixas eletr\u00f4nicos e casas de c\u00e2mbio, e locais de compras. Atualmente, h\u00e1 outras cinco Casas do Turista na cidade: no aeroporto, no cal\u00e7ad\u00e3o da Avenida Beira-Mar, no Mercado Central, na 10\u00aa Regi\u00e3o Militar e no Estoril.<\/p>\n\n\n\n<p>O Museu do Bode Ioi\u00f4 \u00e9 um projeto s\u00f3cio cultural e ambiental com a tem\u00e1tica desse personagem popular. Idealizado pelo educador, turism\u00f3logo e pesquisador cearense Gerson Linhares, o equipamento ser\u00e1 instalado em parceria com a Setfor, na Cidade da Crian\u00e7a, dividindo o espa\u00e7o de uma das casas do local com a Casa do Turista.<\/p>\n\n\n\n<figure class=\"wp-block-image size-full\"><img loading=\"lazy\" decoding=\"async\" width=\"984\" height=\"623\" src=\"https:\/\/blogdorogeriogomes.com.br\/wp-content\/uploads\/2022\/08\/269691713-7384423424916394-1033096887170104989-n.jpg\" alt=\"\" class=\"wp-image-26545\" srcset=\"https:\/\/blogdorogeriogomes.com.br\/noticias\/wp-content\/uploads\/2022\/08\/269691713-7384423424916394-1033096887170104989-n.jpg 984w, https:\/\/blogdorogeriogomes.com.br\/noticias\/wp-content\/uploads\/2022\/08\/269691713-7384423424916394-1033096887170104989-n-300x190.jpg 300w, https:\/\/blogdorogeriogomes.com.br\/noticias\/wp-content\/uploads\/2022\/08\/269691713-7384423424916394-1033096887170104989-n-768x486.jpg 768w, https:\/\/blogdorogeriogomes.com.br\/noticias\/wp-content\/uploads\/2022\/08\/269691713-7384423424916394-1033096887170104989-n-800x507.jpg 800w, https:\/\/blogdorogeriogomes.com.br\/noticias\/wp-content\/uploads\/2022\/08\/269691713-7384423424916394-1033096887170104989-n-320x202.jpg 320w\" sizes=\"auto, (max-width: 984px) 100vw, 984px\" \/><\/figure>\n","protected":false},"excerpt":{"rendered":"<p>A Prefeitura de Fortaleza, por meio da Secretaria Municipal do Turismo e da Coordenadoria Especial da Primeira Inf\u00e2ncia, promove uma programa\u00e7\u00e3o nesta quarta-feira, dia 24 de agosto, na Cidade da Crian\u00e7a, para celebrar o Dia da Nacional da Inf\u00e2ncia. Na ocasi\u00e3o, ser\u00e3o inaugurados a Casa do Turista e o Museu do Bode Ioi\u00f4. As Casas do Turista s\u00e3o locais onde o visitante recebe informa\u00e7\u00f5es \u00fateis sobre Fortaleza, como op\u00e7\u00f5es de passeios, indica\u00e7\u00e3o de restaurantes, localiza\u00e7\u00e3o de caixas eletr\u00f4nicos e&hellip;<\/p>\n","protected":false},"author":1,"featured_media":26545,"comment_status":"open","ping_status":"open","sticky":false,"template":"","format":"standard","meta":{"footnotes":""},"categories":[1],"tags":[],"class_list":["post-26544","post","type-post","status-publish","format-standard","has-post-thumbnail","hentry","category-noticias"],"_links":{"self":[{"href":"https:\/\/blogdorogeriogomes.com.br\/noticias\/wp-json\/wp\/v2\/posts\/26544","targetHints":{"allow":["GET"]}}],"collection":[{"href":"https:\/\/blogdorogeriogomes.com.br\/noticias\/wp-json\/wp\/v2\/posts"}],"about":[{"href":"https:\/\/blogdorogeriogomes.com.br\/noticias\/wp-json\/wp\/v2\/types\/post"}],"author":[{"embeddable":true,"href":"https:\/\/blogdorogeriogomes.com.br\/noticias\/wp-json\/wp\/v2\/users\/1"}],"replies":[{"embeddable":true,"href":"https:\/\/blogdorogeriogomes.com.br\/noticias\/wp-json\/wp\/v2\/comments?post=26544"}],"version-history":[{"count":1,"href":"https:\/\/blogdorogeriogomes.com.br\/noticias\/wp-json\/wp\/v2\/posts\/26544\/revisions"}],"predecessor-version":[{"id":26546,"href":"https:\/\/blogdorogeriogomes.com.br\/noticias\/wp-json\/wp\/v2\/posts\/26544\/revisions\/26546"}],"wp:featuredmedia":[{"embeddable":true,"href":"https:\/\/blogdorogeriogomes.com.br\/noticias\/wp-json\/wp\/v2\/media\/26545"}],"wp:attachment":[{"href":"https:\/\/blogdorogeriogomes.com.br\/noticias\/wp-json\/wp\/v2\/media?parent=26544"}],"wp:term":[{"taxonomy":"category","embeddable":true,"href":"https:\/\/blogdorogeriogomes.com.br\/noticias\/wp-json\/wp\/v2\/categories?post=26544"},{"taxonomy":"post_tag","embeddable":true,"href":"https:\/\/blogdorogeriogomes.com.br\/noticias\/wp-json\/wp\/v2\/tags?post=26544"}],"curies":[{"name":"wp","href":"https:\/\/api.w.org\/{rel}","templated":true}]}}