{"id":26559,"date":"2022-08-25T10:35:49","date_gmt":"2022-08-25T10:35:49","guid":{"rendered":"https:\/\/blogdorogeriogomes.com.br\/?p=26559"},"modified":"2022-08-29T12:16:13","modified_gmt":"2022-08-29T12:16:13","slug":"izolda-cela-participa-de-inauguracoes-em-sobral-ao-lado-do-prefeito-ivo-gomes","status":"publish","type":"post","link":"https:\/\/blogdorogeriogomes.com.br\/noticias\/2022\/08\/izolda-cela-participa-de-inauguracoes-em-sobral-ao-lado-do-prefeito-ivo-gomes\/","title":{"rendered":"Izolda Cela participa de inaugura\u00e7\u00f5es em Sobral ao lado do prefeito Ivo Gomes"},"content":{"rendered":"\n<p>Ainda distante da campanha eleitoral, a governadora Izolda Cela, que deixou o PDT, entregou nesta quarta-feira, dia 24 de agosto, dois importantes equipamentos para Sobral: a Avenida do Servidor P\u00fablico e o Centro de Educa\u00e7\u00e3o Infantil Ivonir Aguiar. Ela participou dos dois eventos ao lado do prefeito de Sobral, Ivo Gomes (PDT), irm\u00e3o de Cid e Ciro Gomes. Ivo e Cid defendiam que Izolda deveria ter sido a candidata ao Governo do Estado pelo PDT.<\/p>\n\n\n\n<p>Com mais de 1km de extens\u00e3o, a nova  Avenida do Servidor P\u00fablico, em Sobral, liga os bairros Cohab II e Belchior, dispondo de pista duplicada, ilumina\u00e7\u00e3o e ciclofaixa. Localizado no Centro de Sobral, o Centro Educacional Infantil Ivonir Aguiar atender\u00e1 at\u00e9 300 crian\u00e7as de 0 a 5 anos, com estrutura adequada ao cuidado necess\u00e1rio com os pequenos. Outros cinco CEIs est\u00e3o em constru\u00e7\u00e3o no munic\u00edpio, frutos da parceria entre a Prefeitura de Sobral e o Governo do Estado. <\/p>\n\n\n\n<p>&#8220;Agrade\u00e7o ao prefeito Ivo Gomes, vereadores, secretariado e a todos que nos acompanharam por todo o dia de hoje&#8221;, disse a governadora Izolda Cela.<\/p>\n\n\n\n<figure class=\"wp-block-image size-full\"><img loading=\"lazy\" decoding=\"async\" width=\"853\" height=\"568\" src=\"https:\/\/blogdorogeriogomes.com.br\/wp-content\/uploads\/2022\/08\/IMG-20220825-WA0014.jpg\" alt=\"\" class=\"wp-image-26560\" srcset=\"https:\/\/blogdorogeriogomes.com.br\/noticias\/wp-content\/uploads\/2022\/08\/IMG-20220825-WA0014.jpg 853w, https:\/\/blogdorogeriogomes.com.br\/noticias\/wp-content\/uploads\/2022\/08\/IMG-20220825-WA0014-300x200.jpg 300w, https:\/\/blogdorogeriogomes.com.br\/noticias\/wp-content\/uploads\/2022\/08\/IMG-20220825-WA0014-768x511.jpg 768w, https:\/\/blogdorogeriogomes.com.br\/noticias\/wp-content\/uploads\/2022\/08\/IMG-20220825-WA0014-800x533.jpg 800w\" sizes=\"auto, (max-width: 853px) 100vw, 853px\" \/><\/figure>\n","protected":false},"excerpt":{"rendered":"<p>Ainda distante da campanha eleitoral, a governadora Izolda Cela, que deixou o PDT, entregou nesta quarta-feira, dia 24 de agosto, dois importantes equipamentos para Sobral: a Avenida do Servidor P\u00fablico e o Centro de Educa\u00e7\u00e3o Infantil Ivonir Aguiar. Ela participou dos dois eventos ao lado do prefeito de Sobral, Ivo Gomes (PDT), irm\u00e3o de Cid e Ciro Gomes. Ivo e Cid defendiam que Izolda deveria ter sido a candidata ao Governo do Estado pelo PDT. Com mais de 1km&hellip;<\/p>\n","protected":false},"author":1,"featured_media":26560,"comment_status":"open","ping_status":"open","sticky":false,"template":"","format":"standard","meta":{"footnotes":""},"categories":[1],"tags":[],"class_list":["post-26559","post","type-post","status-publish","format-standard","has-post-thumbnail","hentry","category-noticias"],"_links":{"self":[{"href":"https:\/\/blogdorogeriogomes.com.br\/noticias\/wp-json\/wp\/v2\/posts\/26559","targetHints":{"allow":["GET"]}}],"collection":[{"href":"https:\/\/blogdorogeriogomes.com.br\/noticias\/wp-json\/wp\/v2\/posts"}],"about":[{"href":"https:\/\/blogdorogeriogomes.com.br\/noticias\/wp-json\/wp\/v2\/types\/post"}],"author":[{"embeddable":true,"href":"https:\/\/blogdorogeriogomes.com.br\/noticias\/wp-json\/wp\/v2\/users\/1"}],"replies":[{"embeddable":true,"href":"https:\/\/blogdorogeriogomes.com.br\/noticias\/wp-json\/wp\/v2\/comments?post=26559"}],"version-history":[{"count":1,"href":"https:\/\/blogdorogeriogomes.com.br\/noticias\/wp-json\/wp\/v2\/posts\/26559\/revisions"}],"predecessor-version":[{"id":26561,"href":"https:\/\/blogdorogeriogomes.com.br\/noticias\/wp-json\/wp\/v2\/posts\/26559\/revisions\/26561"}],"wp:featuredmedia":[{"embeddable":true,"href":"https:\/\/blogdorogeriogomes.com.br\/noticias\/wp-json\/wp\/v2\/media\/26560"}],"wp:attachment":[{"href":"https:\/\/blogdorogeriogomes.com.br\/noticias\/wp-json\/wp\/v2\/media?parent=26559"}],"wp:term":[{"taxonomy":"category","embeddable":true,"href":"https:\/\/blogdorogeriogomes.com.br\/noticias\/wp-json\/wp\/v2\/categories?post=26559"},{"taxonomy":"post_tag","embeddable":true,"href":"https:\/\/blogdorogeriogomes.com.br\/noticias\/wp-json\/wp\/v2\/tags?post=26559"}],"curies":[{"name":"wp","href":"https:\/\/api.w.org\/{rel}","templated":true}]}}