{"id":26562,"date":"2022-08-25T10:59:31","date_gmt":"2022-08-25T10:59:31","guid":{"rendered":"https:\/\/blogdorogeriogomes.com.br\/?p=26562"},"modified":"2022-08-29T12:16:00","modified_gmt":"2022-08-29T12:16:00","slug":"camilo-santana-nega-coacao-a-prefeitos-por-apoio-a-elmano-eu-nao-faco-politica-desse-jeito","status":"publish","type":"post","link":"https:\/\/blogdorogeriogomes.com.br\/noticias\/2022\/08\/camilo-santana-nega-coacao-a-prefeitos-por-apoio-a-elmano-eu-nao-faco-politica-desse-jeito\/","title":{"rendered":"Camilo Santana nega coa\u00e7\u00e3o a prefeitos por apoio a Elmano: &#8220;Eu n\u00e3o fa\u00e7o pol\u00edtica desse jeito&#8221;"},"content":{"rendered":"\n<p>O candidato ao Senado pelo PT, Camilo Santana, rebateu \u00e0s acusa\u00e7\u00f5es de vereadores do PDT na C\u00e2mara Municipal de Fortaleza sobre estar \u201ccoagindo\u201d prefeitos de munic\u00edpios cearenses para&nbsp;garantir apoio&nbsp;a Elmano Freitas (PT) ao Governo do Estado. As acusa\u00e7\u00f5es foram feitas pelos vereadores pedetistas Adail J\u00fanior e L\u00facio Bruno, que defendem a candidatura de Roberto Cl\u00e1udio (PDT).<\/p>\n\n\n\n<p>Em entrevista ao O POVO, Camilo Santana disse que \u201cesses mesmos vereadores\u201d estavam, at\u00e9 pouco tempo atr\u00e1s, fazendo elogios sobre ele ser \u201co melhor governador do Brasil\u201d. O petista ainda acrescentou: &#8220;Eu n\u00e3o fa\u00e7o pol\u00edtica desse jeito. Para mim isso n\u00e3o \u00e9 pol\u00edtica, \u00e9 brincar com a popula\u00e7\u00e3o\u201d.<\/p>\n\n\n\n<p>Nesta quarta-feira, dia 24 de agosto, Camilo Santana participou \u00e0 noite de atividades de campanha ao lado de Elmano de Freitas em Ibicuitinga e Limoeiro do Norte.<\/p>\n\n\n\n<figure class=\"wp-block-image size-large\"><img loading=\"lazy\" decoding=\"async\" width=\"1024\" height=\"683\" src=\"https:\/\/blogdorogeriogomes.com.br\/wp-content\/uploads\/2022\/08\/JW05052-1024x683.jpg\" alt=\"\" class=\"wp-image-26563\" srcset=\"https:\/\/blogdorogeriogomes.com.br\/noticias\/wp-content\/uploads\/2022\/08\/JW05052-1024x683.jpg 1024w, https:\/\/blogdorogeriogomes.com.br\/noticias\/wp-content\/uploads\/2022\/08\/JW05052-300x200.jpg 300w, https:\/\/blogdorogeriogomes.com.br\/noticias\/wp-content\/uploads\/2022\/08\/JW05052-768x512.jpg 768w, https:\/\/blogdorogeriogomes.com.br\/noticias\/wp-content\/uploads\/2022\/08\/JW05052-1536x1024.jpg 1536w, https:\/\/blogdorogeriogomes.com.br\/noticias\/wp-content\/uploads\/2022\/08\/JW05052-800x533.jpg 800w, https:\/\/blogdorogeriogomes.com.br\/noticias\/wp-content\/uploads\/2022\/08\/JW05052.jpg 1920w\" sizes=\"auto, (max-width: 1024px) 100vw, 1024px\" \/><\/figure>\n","protected":false},"excerpt":{"rendered":"<p>O candidato ao Senado pelo PT, Camilo Santana, rebateu \u00e0s acusa\u00e7\u00f5es de vereadores do PDT na C\u00e2mara Municipal de Fortaleza sobre estar \u201ccoagindo\u201d prefeitos de munic\u00edpios cearenses para&nbsp;garantir apoio&nbsp;a Elmano Freitas (PT) ao Governo do Estado. As acusa\u00e7\u00f5es foram feitas pelos vereadores pedetistas Adail J\u00fanior e L\u00facio Bruno, que defendem a candidatura de Roberto Cl\u00e1udio (PDT). Em entrevista ao O POVO, Camilo Santana disse que \u201cesses mesmos vereadores\u201d estavam, at\u00e9 pouco tempo atr\u00e1s, fazendo elogios sobre ele ser \u201co&hellip;<\/p>\n","protected":false},"author":1,"featured_media":26563,"comment_status":"open","ping_status":"open","sticky":false,"template":"","format":"standard","meta":{"footnotes":""},"categories":[1],"tags":[],"class_list":["post-26562","post","type-post","status-publish","format-standard","has-post-thumbnail","hentry","category-noticias"],"_links":{"self":[{"href":"https:\/\/blogdorogeriogomes.com.br\/noticias\/wp-json\/wp\/v2\/posts\/26562","targetHints":{"allow":["GET"]}}],"collection":[{"href":"https:\/\/blogdorogeriogomes.com.br\/noticias\/wp-json\/wp\/v2\/posts"}],"about":[{"href":"https:\/\/blogdorogeriogomes.com.br\/noticias\/wp-json\/wp\/v2\/types\/post"}],"author":[{"embeddable":true,"href":"https:\/\/blogdorogeriogomes.com.br\/noticias\/wp-json\/wp\/v2\/users\/1"}],"replies":[{"embeddable":true,"href":"https:\/\/blogdorogeriogomes.com.br\/noticias\/wp-json\/wp\/v2\/comments?post=26562"}],"version-history":[{"count":2,"href":"https:\/\/blogdorogeriogomes.com.br\/noticias\/wp-json\/wp\/v2\/posts\/26562\/revisions"}],"predecessor-version":[{"id":26609,"href":"https:\/\/blogdorogeriogomes.com.br\/noticias\/wp-json\/wp\/v2\/posts\/26562\/revisions\/26609"}],"wp:featuredmedia":[{"embeddable":true,"href":"https:\/\/blogdorogeriogomes.com.br\/noticias\/wp-json\/wp\/v2\/media\/26563"}],"wp:attachment":[{"href":"https:\/\/blogdorogeriogomes.com.br\/noticias\/wp-json\/wp\/v2\/media?parent=26562"}],"wp:term":[{"taxonomy":"category","embeddable":true,"href":"https:\/\/blogdorogeriogomes.com.br\/noticias\/wp-json\/wp\/v2\/categories?post=26562"},{"taxonomy":"post_tag","embeddable":true,"href":"https:\/\/blogdorogeriogomes.com.br\/noticias\/wp-json\/wp\/v2\/tags?post=26562"}],"curies":[{"name":"wp","href":"https:\/\/api.w.org\/{rel}","templated":true}]}}