{"id":26569,"date":"2022-08-25T19:13:42","date_gmt":"2022-08-25T19:13:42","guid":{"rendered":"https:\/\/blogdorogeriogomes.com.br\/?p=26569"},"modified":"2022-08-29T12:14:57","modified_gmt":"2022-08-29T12:14:57","slug":"em-nova-pesquisa-ipespe-wagner-lidera-com-37-elmano-sobe-sete-pontos-e-encosta-em-roberto-claudio-25-a-20","status":"publish","type":"post","link":"https:\/\/blogdorogeriogomes.com.br\/noticias\/2022\/08\/em-nova-pesquisa-ipespe-wagner-lidera-com-37-elmano-sobe-sete-pontos-e-encosta-em-roberto-claudio-25-a-20\/","title":{"rendered":"Em nova pesquisa Ipespe, Wagner lidera com 37%. Elmano sobe sete pontos e encosta em Roberto Cl\u00e1udio: 25% a 20%"},"content":{"rendered":"\n<p>Nova pesquisa Ipespe, contratada pelo Jornal O POVO, trouxe novos n\u00fameros na corrida pelo Governo do Cear\u00e1 em outubro. Na consulta feita com 1.000 eleitores, entre os dias 20 e 23 de agosto, Capit\u00e3o Wagner (Uni\u00e3o Brasil) aparece na lideran\u00e7a com 37% das inten\u00e7\u00f5es de voto. Em segundo vem o ex-prefeito de Fortaleza Roberto Cl\u00e1udio (PDT), que tem 25%. Em terceiro est\u00e1 Elmano Freitas (PT), com 20%. A margem de erro da pesquisa \u00e9 de 3,2% para mais ou para menos.<\/p>\n\n\n\n<p>O detalhe \u00e9 que em rela\u00e7\u00e3o \u00e0 pesquisa Ipespe anterior, realizada em 4 de agosto, antes do in\u00edcio da campanha eleitoral, Capit\u00e3o Wagner tinha 38% (perdeu um ponto), Roberto Cl\u00e1udio somava 28% (perdeu tr\u00eas pontos) e Elmano de Freitas tinha 13% (ganhou sete pontos).<\/p>\n\n\n\n<p>No atual cen\u00e1rio da pesquisa espont\u00e2nea feita pelo Ipespe, quando o entrevistador n\u00e3o indica os nomes dos candidatos, Capit\u00e3o Wagner lidera com 26% das inten\u00e7\u00f5es de voto. Elmano aparece em segundo lugar com 12% da prefer\u00eancia do eleitorado e Roberto Cl\u00e1udio registrou 11% na terceira coloca\u00e7\u00e3o.<br><\/p>\n\n\n\n<figure class=\"wp-block-image size-full\"><img loading=\"lazy\" decoding=\"async\" width=\"924\" height=\"520\" src=\"https:\/\/blogdorogeriogomes.com.br\/wp-content\/uploads\/2022\/08\/ceara-capitao-claudio-elmano.jpg\" alt=\"\" class=\"wp-image-26570\" srcset=\"https:\/\/blogdorogeriogomes.com.br\/noticias\/wp-content\/uploads\/2022\/08\/ceara-capitao-claudio-elmano.jpg 924w, https:\/\/blogdorogeriogomes.com.br\/noticias\/wp-content\/uploads\/2022\/08\/ceara-capitao-claudio-elmano-300x169.jpg 300w, https:\/\/blogdorogeriogomes.com.br\/noticias\/wp-content\/uploads\/2022\/08\/ceara-capitao-claudio-elmano-768x432.jpg 768w, https:\/\/blogdorogeriogomes.com.br\/noticias\/wp-content\/uploads\/2022\/08\/ceara-capitao-claudio-elmano-800x450.jpg 800w\" sizes=\"auto, (max-width: 924px) 100vw, 924px\" \/><\/figure>\n\n\n\n<p><br><\/p>\n","protected":false},"excerpt":{"rendered":"<p>Nova pesquisa Ipespe, contratada pelo Jornal O POVO, trouxe novos n\u00fameros na corrida pelo Governo do Cear\u00e1 em outubro. Na consulta feita com 1.000 eleitores, entre os dias 20 e 23 de agosto, Capit\u00e3o Wagner (Uni\u00e3o Brasil) aparece na lideran\u00e7a com 37% das inten\u00e7\u00f5es de voto. Em segundo vem o ex-prefeito de Fortaleza Roberto Cl\u00e1udio (PDT), que tem 25%. Em terceiro est\u00e1 Elmano Freitas (PT), com 20%. A margem de erro da pesquisa \u00e9 de 3,2% para mais ou&hellip;<\/p>\n","protected":false},"author":1,"featured_media":26570,"comment_status":"open","ping_status":"open","sticky":false,"template":"","format":"standard","meta":{"footnotes":""},"categories":[1],"tags":[],"class_list":["post-26569","post","type-post","status-publish","format-standard","has-post-thumbnail","hentry","category-noticias"],"_links":{"self":[{"href":"https:\/\/blogdorogeriogomes.com.br\/noticias\/wp-json\/wp\/v2\/posts\/26569","targetHints":{"allow":["GET"]}}],"collection":[{"href":"https:\/\/blogdorogeriogomes.com.br\/noticias\/wp-json\/wp\/v2\/posts"}],"about":[{"href":"https:\/\/blogdorogeriogomes.com.br\/noticias\/wp-json\/wp\/v2\/types\/post"}],"author":[{"embeddable":true,"href":"https:\/\/blogdorogeriogomes.com.br\/noticias\/wp-json\/wp\/v2\/users\/1"}],"replies":[{"embeddable":true,"href":"https:\/\/blogdorogeriogomes.com.br\/noticias\/wp-json\/wp\/v2\/comments?post=26569"}],"version-history":[{"count":1,"href":"https:\/\/blogdorogeriogomes.com.br\/noticias\/wp-json\/wp\/v2\/posts\/26569\/revisions"}],"predecessor-version":[{"id":26571,"href":"https:\/\/blogdorogeriogomes.com.br\/noticias\/wp-json\/wp\/v2\/posts\/26569\/revisions\/26571"}],"wp:featuredmedia":[{"embeddable":true,"href":"https:\/\/blogdorogeriogomes.com.br\/noticias\/wp-json\/wp\/v2\/media\/26570"}],"wp:attachment":[{"href":"https:\/\/blogdorogeriogomes.com.br\/noticias\/wp-json\/wp\/v2\/media?parent=26569"}],"wp:term":[{"taxonomy":"category","embeddable":true,"href":"https:\/\/blogdorogeriogomes.com.br\/noticias\/wp-json\/wp\/v2\/categories?post=26569"},{"taxonomy":"post_tag","embeddable":true,"href":"https:\/\/blogdorogeriogomes.com.br\/noticias\/wp-json\/wp\/v2\/tags?post=26569"}],"curies":[{"name":"wp","href":"https:\/\/api.w.org\/{rel}","templated":true}]}}