{"id":26572,"date":"2022-08-26T00:52:13","date_gmt":"2022-08-26T00:52:13","guid":{"rendered":"https:\/\/blogdorogeriogomes.com.br\/?p=26572"},"modified":"2022-08-29T12:14:44","modified_gmt":"2022-08-29T12:14:44","slug":"em-sabatina-no-jn-lula-defende-uniao-para-resgatar-o-pais-enaltece-papel-de-alckmin-e-diz-que-se-combate-corrupcao-com-independencia-dos-orgaos-de-fiscalizacao","status":"publish","type":"post","link":"https:\/\/blogdorogeriogomes.com.br\/noticias\/2022\/08\/em-sabatina-no-jn-lula-defende-uniao-para-resgatar-o-pais-enaltece-papel-de-alckmin-e-diz-que-se-combate-corrupcao-com-independencia-dos-orgaos-de-fiscalizacao\/","title":{"rendered":"Em sabatina no JN, Lula defende uni\u00e3o para resgatar o Pa\u00eds, enaltece papel de Alckmin e diz que se combate corrup\u00e7\u00e3o com independ\u00eancia dos \u00f3rg\u00e3os de fiscaliza\u00e7\u00e3o"},"content":{"rendered":"\n<p>O ex-presidente Lula (PT), que lidera as pesquisas de inten\u00e7\u00e3o de voto \u00e0 Presid\u00eancia da Rep\u00fablica, defendeu em entrevista ao Jornal Nacional, da TV Globo,  nesta quinta-feira, dia 25 de agosto, que \u00e9 necess\u00e1ria a uni\u00e3o dos partidos para buscar a reconstru\u00e7\u00e3o do Pa\u00eds. &#8220;\u00c9 preciso lutar contra esse facismo que foi implantado pelo atual governo&#8221;, disse. Ele enalteceu o papel do vice Geraldo Alckmin, hoje no PSB. &#8220;Fomos advers\u00e1rios pol\u00edticos, mas hoje com a experi\u00eancia que ele teve como governador de S\u00e3o Paulo, vamos fazer o Brasil voltar a crescer e se desenvolver&#8221;.<\/p>\n\n\n\n<p>Questionado sobre a Lava Jato e os casos de corrup\u00e7\u00e3o na Petrobras, Lula afirmou que s\u00f3 surge corrup\u00e7\u00e3o em governo que permite a investiga\u00e7\u00e3o. Ele ressaltou que, quando foi presidente, sempre garantiu investimento e independ\u00eancia para os \u00f3rg\u00e3os fiscalizadores como Minist\u00e9rio P\u00fablico e Pol\u00edcia Federal. Lula ainda chamou de &#8220;esc\u00e1rnio&#8221; o esc\u00e2ndalo do Or\u00e7amento Secreto no Governo Bolsonaro, que \u00e9 o mecanismo no qual parlamentares no Congresso Nacional conseguem indicar verbas para obras sem a necessidade de detalhar que \u00e9 o autor da destina\u00e7\u00e3o. &#8220;Bolsonaro n\u00e3o manda mais hoje no or\u00e7amento&#8221;, ressaltou.<\/p>\n\n\n\n<p>Para completar, Lula ainda fez cr\u00edticas a sigilos de 100 anos decretados por Bolsonaro em casos de den\u00fancias contra o Governo Federal e a a\u00e7\u00e3o do procurador-geral da Rep\u00fablica, Augusto Aras, chamado por ele de &#8220;engavetador&#8221;, porque n\u00e3o abre qualquer tipo de investiga\u00e7\u00e3o contra atos do atual presidente da Rep\u00fablica.<\/p>\n\n\n\n<figure class=\"wp-block-image size-full\"><img loading=\"lazy\" decoding=\"async\" width=\"1024\" height=\"683\" src=\"https:\/\/blogdorogeriogomes.com.br\/wp-content\/uploads\/2022\/08\/166147053663080748d25b1_1661470536_3x2_lg.jpg\" alt=\"\" class=\"wp-image-26573\" srcset=\"https:\/\/blogdorogeriogomes.com.br\/noticias\/wp-content\/uploads\/2022\/08\/166147053663080748d25b1_1661470536_3x2_lg.jpg 1024w, https:\/\/blogdorogeriogomes.com.br\/noticias\/wp-content\/uploads\/2022\/08\/166147053663080748d25b1_1661470536_3x2_lg-300x200.jpg 300w, https:\/\/blogdorogeriogomes.com.br\/noticias\/wp-content\/uploads\/2022\/08\/166147053663080748d25b1_1661470536_3x2_lg-768x512.jpg 768w, https:\/\/blogdorogeriogomes.com.br\/noticias\/wp-content\/uploads\/2022\/08\/166147053663080748d25b1_1661470536_3x2_lg-800x534.jpg 800w\" sizes=\"auto, (max-width: 1024px) 100vw, 1024px\" \/><\/figure>\n","protected":false},"excerpt":{"rendered":"<p>O ex-presidente Lula (PT), que lidera as pesquisas de inten\u00e7\u00e3o de voto \u00e0 Presid\u00eancia da Rep\u00fablica, defendeu em entrevista ao Jornal Nacional, da TV Globo, nesta quinta-feira, dia 25 de agosto, que \u00e9 necess\u00e1ria a uni\u00e3o dos partidos para buscar a reconstru\u00e7\u00e3o do Pa\u00eds. &#8220;\u00c9 preciso lutar contra esse facismo que foi implantado pelo atual governo&#8221;, disse. Ele enalteceu o papel do vice Geraldo Alckmin, hoje no PSB. &#8220;Fomos advers\u00e1rios pol\u00edticos, mas hoje com a experi\u00eancia que ele teve&hellip;<\/p>\n","protected":false},"author":1,"featured_media":26573,"comment_status":"open","ping_status":"open","sticky":false,"template":"","format":"standard","meta":{"footnotes":""},"categories":[1],"tags":[],"class_list":["post-26572","post","type-post","status-publish","format-standard","has-post-thumbnail","hentry","category-noticias"],"_links":{"self":[{"href":"https:\/\/blogdorogeriogomes.com.br\/noticias\/wp-json\/wp\/v2\/posts\/26572","targetHints":{"allow":["GET"]}}],"collection":[{"href":"https:\/\/blogdorogeriogomes.com.br\/noticias\/wp-json\/wp\/v2\/posts"}],"about":[{"href":"https:\/\/blogdorogeriogomes.com.br\/noticias\/wp-json\/wp\/v2\/types\/post"}],"author":[{"embeddable":true,"href":"https:\/\/blogdorogeriogomes.com.br\/noticias\/wp-json\/wp\/v2\/users\/1"}],"replies":[{"embeddable":true,"href":"https:\/\/blogdorogeriogomes.com.br\/noticias\/wp-json\/wp\/v2\/comments?post=26572"}],"version-history":[{"count":1,"href":"https:\/\/blogdorogeriogomes.com.br\/noticias\/wp-json\/wp\/v2\/posts\/26572\/revisions"}],"predecessor-version":[{"id":26574,"href":"https:\/\/blogdorogeriogomes.com.br\/noticias\/wp-json\/wp\/v2\/posts\/26572\/revisions\/26574"}],"wp:featuredmedia":[{"embeddable":true,"href":"https:\/\/blogdorogeriogomes.com.br\/noticias\/wp-json\/wp\/v2\/media\/26573"}],"wp:attachment":[{"href":"https:\/\/blogdorogeriogomes.com.br\/noticias\/wp-json\/wp\/v2\/media?parent=26572"}],"wp:term":[{"taxonomy":"category","embeddable":true,"href":"https:\/\/blogdorogeriogomes.com.br\/noticias\/wp-json\/wp\/v2\/categories?post=26572"},{"taxonomy":"post_tag","embeddable":true,"href":"https:\/\/blogdorogeriogomes.com.br\/noticias\/wp-json\/wp\/v2\/tags?post=26572"}],"curies":[{"name":"wp","href":"https:\/\/api.w.org\/{rel}","templated":true}]}}