{"id":26575,"date":"2022-08-26T10:16:02","date_gmt":"2022-08-26T10:16:02","guid":{"rendered":"https:\/\/blogdorogeriogomes.com.br\/?p=26575"},"modified":"2022-08-26T10:16:03","modified_gmt":"2022-08-26T10:16:03","slug":"professores-universitarios-fazem-protesto-no-ceara-por-cortes-em-recursos-federais","status":"publish","type":"post","link":"https:\/\/blogdorogeriogomes.com.br\/noticias\/2022\/08\/professores-universitarios-fazem-protesto-no-ceara-por-cortes-em-recursos-federais\/","title":{"rendered":"Professores universit\u00e1rios fazem protesto no Cear\u00e1 por cortes em recursos federais"},"content":{"rendered":"\n<p>Levantamento feito pelo jornal O Globo revelou que o Governo Bolsonaro promoveu s\u00f3 em 2022, um corte de cerca de R$ 400 milh\u00f5es no repasse \u00e0s universidades federais. \u00c9 dinheiro destinado para o pagamento de contas de \u00e1gua, luz, limpeza, seguran\u00e7a e manuten\u00e7\u00e3o predial, al\u00e9m de bolsas, aux\u00edlio estudantil e equipamentos.<\/p>\n\n\n\n<p>Diante do quadro, professores universit\u00e1rios da UFC, Unilab e Universidade Federal do Cariri realizam uma s\u00e9rie de atos nesta semana que reivindicam reposi\u00e7\u00e3o salarial, valoriza\u00e7\u00e3o do trabalho docente, bem como o direito \u00e0 assist\u00eancia estudantil.<\/p>\n\n\n\n<p>Nesta quinta-feira, dia 25 de agosto, aconteceram manifesta\u00e7\u00f5es na Pra\u00e7a do Ferreira, em Fortaleza. Na regi\u00e3o do Cariri, o protesto foi realizado na Pra\u00e7a Padre C\u00edcero, em Juazeiro do Norte.<br><\/p>\n\n\n\n<figure class=\"wp-block-image size-large\"><img loading=\"lazy\" decoding=\"async\" width=\"1024\" height=\"768\" src=\"https:\/\/blogdorogeriogomes.com.br\/wp-content\/uploads\/2022\/08\/manifestacao_universidades_federais_fortaleza-19532710-1024x768.jpg\" alt=\"\" class=\"wp-image-26576\" srcset=\"https:\/\/blogdorogeriogomes.com.br\/noticias\/wp-content\/uploads\/2022\/08\/manifestacao_universidades_federais_fortaleza-19532710-1024x768.jpg 1024w, https:\/\/blogdorogeriogomes.com.br\/noticias\/wp-content\/uploads\/2022\/08\/manifestacao_universidades_federais_fortaleza-19532710-300x225.jpg 300w, https:\/\/blogdorogeriogomes.com.br\/noticias\/wp-content\/uploads\/2022\/08\/manifestacao_universidades_federais_fortaleza-19532710-768x576.jpg 768w, https:\/\/blogdorogeriogomes.com.br\/noticias\/wp-content\/uploads\/2022\/08\/manifestacao_universidades_federais_fortaleza-19532710-1536x1152.jpg 1536w, https:\/\/blogdorogeriogomes.com.br\/noticias\/wp-content\/uploads\/2022\/08\/manifestacao_universidades_federais_fortaleza-19532710-800x600.jpg 800w, https:\/\/blogdorogeriogomes.com.br\/noticias\/wp-content\/uploads\/2022\/08\/manifestacao_universidades_federais_fortaleza-19532710-400x300.jpg 400w, https:\/\/blogdorogeriogomes.com.br\/noticias\/wp-content\/uploads\/2022\/08\/manifestacao_universidades_federais_fortaleza-19532710.jpg 1920w\" sizes=\"auto, (max-width: 1024px) 100vw, 1024px\" \/><\/figure>\n\n\n\n<p><br><\/p>\n","protected":false},"excerpt":{"rendered":"<p>Levantamento feito pelo jornal O Globo revelou que o Governo Bolsonaro promoveu s\u00f3 em 2022, um corte de cerca de R$ 400 milh\u00f5es no repasse \u00e0s universidades federais. \u00c9 dinheiro destinado para o pagamento de contas de \u00e1gua, luz, limpeza, seguran\u00e7a e manuten\u00e7\u00e3o predial, al\u00e9m de bolsas, aux\u00edlio estudantil e equipamentos. Diante do quadro, professores universit\u00e1rios da UFC, Unilab e Universidade Federal do Cariri realizam uma s\u00e9rie de atos nesta semana que reivindicam reposi\u00e7\u00e3o salarial, valoriza\u00e7\u00e3o do trabalho docente,&hellip;<\/p>\n","protected":false},"author":1,"featured_media":0,"comment_status":"open","ping_status":"open","sticky":false,"template":"","format":"standard","meta":{"footnotes":""},"categories":[1],"tags":[],"class_list":["post-26575","post","type-post","status-publish","format-standard","hentry","category-noticias"],"_links":{"self":[{"href":"https:\/\/blogdorogeriogomes.com.br\/noticias\/wp-json\/wp\/v2\/posts\/26575","targetHints":{"allow":["GET"]}}],"collection":[{"href":"https:\/\/blogdorogeriogomes.com.br\/noticias\/wp-json\/wp\/v2\/posts"}],"about":[{"href":"https:\/\/blogdorogeriogomes.com.br\/noticias\/wp-json\/wp\/v2\/types\/post"}],"author":[{"embeddable":true,"href":"https:\/\/blogdorogeriogomes.com.br\/noticias\/wp-json\/wp\/v2\/users\/1"}],"replies":[{"embeddable":true,"href":"https:\/\/blogdorogeriogomes.com.br\/noticias\/wp-json\/wp\/v2\/comments?post=26575"}],"version-history":[{"count":1,"href":"https:\/\/blogdorogeriogomes.com.br\/noticias\/wp-json\/wp\/v2\/posts\/26575\/revisions"}],"predecessor-version":[{"id":26577,"href":"https:\/\/blogdorogeriogomes.com.br\/noticias\/wp-json\/wp\/v2\/posts\/26575\/revisions\/26577"}],"wp:attachment":[{"href":"https:\/\/blogdorogeriogomes.com.br\/noticias\/wp-json\/wp\/v2\/media?parent=26575"}],"wp:term":[{"taxonomy":"category","embeddable":true,"href":"https:\/\/blogdorogeriogomes.com.br\/noticias\/wp-json\/wp\/v2\/categories?post=26575"},{"taxonomy":"post_tag","embeddable":true,"href":"https:\/\/blogdorogeriogomes.com.br\/noticias\/wp-json\/wp\/v2\/tags?post=26575"}],"curies":[{"name":"wp","href":"https:\/\/api.w.org\/{rel}","templated":true}]}}