{"id":26578,"date":"2022-08-26T11:06:17","date_gmt":"2022-08-26T11:06:17","guid":{"rendered":"https:\/\/blogdorogeriogomes.com.br\/?p=26578"},"modified":"2022-08-29T12:14:24","modified_gmt":"2022-08-29T12:14:24","slug":"candidatos-tentam-conquistar-o-voto-dos-eleitores-com-a-propaganda-gratuita-no-radio-e-na-tv-ate-dia-29-de-setembro","status":"publish","type":"post","link":"https:\/\/blogdorogeriogomes.com.br\/noticias\/2022\/08\/candidatos-tentam-conquistar-o-voto-dos-eleitores-com-a-propaganda-gratuita-no-radio-e-na-tv-ate-dia-29-de-setembro\/","title":{"rendered":"Candidatos tentam conquistar o voto dos eleitores com a propaganda gratuita no r\u00e1dio e na TV at\u00e9 dia 29 de setembro"},"content":{"rendered":"\n<p>A propaganda eleitoral gratuita em r\u00e1dio e TV para os candidatos nas elei\u00e7\u00f5es deste ano come\u00e7a nesta sexta-feira, dia 26 de agosto. O primeiro dia ter\u00e1 candidatos a governador, deputado estadual e senador. Neste s\u00e1bado, dia 27, ser\u00e1 a vez dos candidatos a presidente da Rep\u00fablica e a deputado federal.<\/p>\n\n\n\n<p>Confira os tempos dos candidatos \u00e0 Presid\u00eancia da Rep\u00fablica:<\/p>\n\n\n\n<p>Ciro Gomes (PDT) &#8211; 52 segundos <\/p>\n\n\n\n<p>Felipe D&#8217;\u00c1vila (Novo) &#8211; 22 segundos <\/p>\n\n\n\n<p>Jair Bolsonaro (PL) &#8211; 2 minutos e 38 segundos <\/p>\n\n\n\n<p>Lula (PT) &#8211; 3 minutos e 39 segundos <\/p>\n\n\n\n<p>Roberto Jefferson (PTB) &#8211; 25 segundos <\/p>\n\n\n\n<p>Simone Tebet (MDB) &#8211; 2 minutos e 20 segundos <\/p>\n\n\n\n<p>Soraya Thronicke (Uni\u00e3o Brasil) &#8211; 2 minutos e 10 segundos <\/p>\n\n\n\n<p>Confira os tempos dos candidatos ao Governo do Cear\u00e1:<\/p>\n\n\n\n<p>Capit\u00e3o Wagner (Uni\u00e3o Brasil) &#8211; 3 minutos e 50 segundos<\/p>\n\n\n\n<p>Elmano de Freitas (PT) &#8211; 3 minutos e 37 segundos<\/p>\n\n\n\n<p>Roberto Cl\u00e1udio (PDT) &#8211; 2 minutos e 32 segundos<\/p>\n\n\n\n<figure class=\"wp-block-image size-full\"><img loading=\"lazy\" decoding=\"async\" width=\"678\" height=\"452\" src=\"https:\/\/blogdorogeriogomes.com.br\/wp-content\/uploads\/2022\/08\/images-61.jpeg\" alt=\"\" class=\"wp-image-26579\" srcset=\"https:\/\/blogdorogeriogomes.com.br\/noticias\/wp-content\/uploads\/2022\/08\/images-61.jpeg 678w, https:\/\/blogdorogeriogomes.com.br\/noticias\/wp-content\/uploads\/2022\/08\/images-61-300x200.jpeg 300w\" sizes=\"auto, (max-width: 678px) 100vw, 678px\" \/><\/figure>\n","protected":false},"excerpt":{"rendered":"<p>A propaganda eleitoral gratuita em r\u00e1dio e TV para os candidatos nas elei\u00e7\u00f5es deste ano come\u00e7a nesta sexta-feira, dia 26 de agosto. O primeiro dia ter\u00e1 candidatos a governador, deputado estadual e senador. Neste s\u00e1bado, dia 27, ser\u00e1 a vez dos candidatos a presidente da Rep\u00fablica e a deputado federal. Confira os tempos dos candidatos \u00e0 Presid\u00eancia da Rep\u00fablica: Ciro Gomes (PDT) &#8211; 52 segundos Felipe D&#8217;\u00c1vila (Novo) &#8211; 22 segundos Jair Bolsonaro (PL) &#8211; 2 minutos e 38&hellip;<\/p>\n","protected":false},"author":1,"featured_media":26579,"comment_status":"open","ping_status":"open","sticky":false,"template":"","format":"standard","meta":{"footnotes":""},"categories":[1],"tags":[],"class_list":["post-26578","post","type-post","status-publish","format-standard","has-post-thumbnail","hentry","category-noticias"],"_links":{"self":[{"href":"https:\/\/blogdorogeriogomes.com.br\/noticias\/wp-json\/wp\/v2\/posts\/26578","targetHints":{"allow":["GET"]}}],"collection":[{"href":"https:\/\/blogdorogeriogomes.com.br\/noticias\/wp-json\/wp\/v2\/posts"}],"about":[{"href":"https:\/\/blogdorogeriogomes.com.br\/noticias\/wp-json\/wp\/v2\/types\/post"}],"author":[{"embeddable":true,"href":"https:\/\/blogdorogeriogomes.com.br\/noticias\/wp-json\/wp\/v2\/users\/1"}],"replies":[{"embeddable":true,"href":"https:\/\/blogdorogeriogomes.com.br\/noticias\/wp-json\/wp\/v2\/comments?post=26578"}],"version-history":[{"count":1,"href":"https:\/\/blogdorogeriogomes.com.br\/noticias\/wp-json\/wp\/v2\/posts\/26578\/revisions"}],"predecessor-version":[{"id":26580,"href":"https:\/\/blogdorogeriogomes.com.br\/noticias\/wp-json\/wp\/v2\/posts\/26578\/revisions\/26580"}],"wp:featuredmedia":[{"embeddable":true,"href":"https:\/\/blogdorogeriogomes.com.br\/noticias\/wp-json\/wp\/v2\/media\/26579"}],"wp:attachment":[{"href":"https:\/\/blogdorogeriogomes.com.br\/noticias\/wp-json\/wp\/v2\/media?parent=26578"}],"wp:term":[{"taxonomy":"category","embeddable":true,"href":"https:\/\/blogdorogeriogomes.com.br\/noticias\/wp-json\/wp\/v2\/categories?post=26578"},{"taxonomy":"post_tag","embeddable":true,"href":"https:\/\/blogdorogeriogomes.com.br\/noticias\/wp-json\/wp\/v2\/tags?post=26578"}],"curies":[{"name":"wp","href":"https:\/\/api.w.org\/{rel}","templated":true}]}}