{"id":26584,"date":"2022-08-26T14:12:05","date_gmt":"2022-08-26T14:12:05","guid":{"rendered":"https:\/\/blogdorogeriogomes.com.br\/?p=26584"},"modified":"2022-08-29T12:14:08","modified_gmt":"2022-08-29T12:14:08","slug":"mais-de-11-mil-internos-do-sistema-prisional-do-ceara-vao-fazer-as-provas-do-encceja-deste-ano","status":"publish","type":"post","link":"https:\/\/blogdorogeriogomes.com.br\/noticias\/2022\/08\/mais-de-11-mil-internos-do-sistema-prisional-do-ceara-vao-fazer-as-provas-do-encceja-deste-ano\/","title":{"rendered":"Mais de 11 mil internos do sistema prisional do Cear\u00e1 v\u00e3o fazer as provas do Encceja deste ano"},"content":{"rendered":"\n<p>Mais de 11 mil internos do sistema prisional do Cear\u00e1 ir\u00e3o participar de mais uma edi\u00e7\u00e3o do Exame Nacional para Certifica\u00e7\u00e3o de Compet\u00eancias de Jovens e Adultos (Encceja).<\/p>\n\n\n\n<p>A Secretaria da Administra\u00e7\u00e3o Penitenci\u00e1ria, atrav\u00e9s da Coordenadoria de Educa\u00e7\u00e3o, possibilitou que neste ano 11.449 internos estejam inscritos no exame. Um n\u00famero recorde, com crescimento de 85,38% em rela\u00e7\u00e3o ao ano de 2021 que teve participa\u00e7\u00e3o de 6.176 internos.<\/p>\n\n\n\n<p>As provas ser\u00e3o aplicadas em 28 unidades prisionais da Regi\u00e3o Metropolitana de Fortaleza e interior do estado. Os exames acontecer\u00e3o nos dias 18 e 19 de outubro. As aplica\u00e7\u00f5es acontecem para o Ensino Fundamental e Ensino M\u00e9dio. Foram 8.260 inscritos para realizar a prova de Ensino Fundamental e 3.189 se inscreveram para o Ensino M\u00e9dio.<\/p>\n\n\n\n<p>O secret\u00e1rio da Administra\u00e7\u00e3o Penitenci\u00e1ria do Cear\u00e1, Mauro Albuquerque, se sente feliz com o resultado alcan\u00e7ado. \u201cEsse recorde \u00e9 fruto de muito trabalho e dedica\u00e7\u00e3o. Estamos cumprindo nossa miss\u00e3o. S\u00e3o 11 mil internos inscritos no Encceja 2022 e na edi\u00e7\u00e3o anterior alcan\u00e7amos mais de 50% de aprova\u00e7\u00f5es. Esse resultado \u00e9 a educa\u00e7\u00e3o efetivamente sendo oferecida dentro do sistema prisional. \u00c9 atrav\u00e9s da educa\u00e7\u00e3o, capacita\u00e7\u00e3o e trabalho que estamos salvando vidas e transformando pessoas\u201d, afirma.<\/p>\n\n\n\n<p>Se aprovado, o detento ganha a certifica\u00e7\u00e3o de conclus\u00e3o do Ensino Fundamental ou Ensino M\u00e9dio e ter\u00e1 direito a remi\u00e7\u00e3o de pena. A remi\u00e7\u00e3o varia de acordo com o n\u00edvel de aprova\u00e7\u00e3o alcan\u00e7ado. No Ensino Fundamental s\u00e3o 66 dias a menos de pena. J\u00e1 no Ensino M\u00e9dio s\u00e3o 50 dias a menos. Conforme Resolu\u00e7\u00e3o 391\/2022 do Conselho Nacional de Justi\u00e7a.<\/p>\n\n\n\n<p>Para participar do Encceja PPL, o interno precisa ter o ensino fundamental e m\u00e9dio incompletos. A avalia\u00e7\u00e3o, volunt\u00e1ria e gratuita, \u00e9 aplicada pelo Instituto Nacional de Estudos e Pesquisas Educacionais An\u00edsio Teixeira (Inep) e tem por objetivo avaliar as habilidades e compet\u00eancias b\u00e1sicas de jovens e adultos que n\u00e3o tiveram oportunidade de concluir o ensino fundamental e M\u00e9dio quando estavam em idade escolar.<\/p>\n\n\n\n<figure class=\"wp-block-image size-large\"><img loading=\"lazy\" decoding=\"async\" width=\"1024\" height=\"678\" src=\"https:\/\/blogdorogeriogomes.com.br\/wp-content\/uploads\/2022\/08\/IMG-20220826-WA0056-1024x678.jpg\" alt=\"\" class=\"wp-image-26585\" srcset=\"https:\/\/blogdorogeriogomes.com.br\/noticias\/wp-content\/uploads\/2022\/08\/IMG-20220826-WA0056-1024x678.jpg 1024w, https:\/\/blogdorogeriogomes.com.br\/noticias\/wp-content\/uploads\/2022\/08\/IMG-20220826-WA0056-300x199.jpg 300w, https:\/\/blogdorogeriogomes.com.br\/noticias\/wp-content\/uploads\/2022\/08\/IMG-20220826-WA0056-768x508.jpg 768w, https:\/\/blogdorogeriogomes.com.br\/noticias\/wp-content\/uploads\/2022\/08\/IMG-20220826-WA0056-800x529.jpg 800w, https:\/\/blogdorogeriogomes.com.br\/noticias\/wp-content\/uploads\/2022\/08\/IMG-20220826-WA0056.jpg 1280w\" sizes=\"auto, (max-width: 1024px) 100vw, 1024px\" \/><\/figure>\n","protected":false},"excerpt":{"rendered":"<p>Mais de 11 mil internos do sistema prisional do Cear\u00e1 ir\u00e3o participar de mais uma edi\u00e7\u00e3o do Exame Nacional para Certifica\u00e7\u00e3o de Compet\u00eancias de Jovens e Adultos (Encceja). A Secretaria da Administra\u00e7\u00e3o Penitenci\u00e1ria, atrav\u00e9s da Coordenadoria de Educa\u00e7\u00e3o, possibilitou que neste ano 11.449 internos estejam inscritos no exame. Um n\u00famero recorde, com crescimento de 85,38% em rela\u00e7\u00e3o ao ano de 2021 que teve participa\u00e7\u00e3o de 6.176 internos. As provas ser\u00e3o aplicadas em 28 unidades prisionais da Regi\u00e3o Metropolitana de&hellip;<\/p>\n","protected":false},"author":1,"featured_media":26585,"comment_status":"open","ping_status":"open","sticky":false,"template":"","format":"standard","meta":{"footnotes":""},"categories":[1],"tags":[],"class_list":["post-26584","post","type-post","status-publish","format-standard","has-post-thumbnail","hentry","category-noticias"],"_links":{"self":[{"href":"https:\/\/blogdorogeriogomes.com.br\/noticias\/wp-json\/wp\/v2\/posts\/26584","targetHints":{"allow":["GET"]}}],"collection":[{"href":"https:\/\/blogdorogeriogomes.com.br\/noticias\/wp-json\/wp\/v2\/posts"}],"about":[{"href":"https:\/\/blogdorogeriogomes.com.br\/noticias\/wp-json\/wp\/v2\/types\/post"}],"author":[{"embeddable":true,"href":"https:\/\/blogdorogeriogomes.com.br\/noticias\/wp-json\/wp\/v2\/users\/1"}],"replies":[{"embeddable":true,"href":"https:\/\/blogdorogeriogomes.com.br\/noticias\/wp-json\/wp\/v2\/comments?post=26584"}],"version-history":[{"count":1,"href":"https:\/\/blogdorogeriogomes.com.br\/noticias\/wp-json\/wp\/v2\/posts\/26584\/revisions"}],"predecessor-version":[{"id":26586,"href":"https:\/\/blogdorogeriogomes.com.br\/noticias\/wp-json\/wp\/v2\/posts\/26584\/revisions\/26586"}],"wp:featuredmedia":[{"embeddable":true,"href":"https:\/\/blogdorogeriogomes.com.br\/noticias\/wp-json\/wp\/v2\/media\/26585"}],"wp:attachment":[{"href":"https:\/\/blogdorogeriogomes.com.br\/noticias\/wp-json\/wp\/v2\/media?parent=26584"}],"wp:term":[{"taxonomy":"category","embeddable":true,"href":"https:\/\/blogdorogeriogomes.com.br\/noticias\/wp-json\/wp\/v2\/categories?post=26584"},{"taxonomy":"post_tag","embeddable":true,"href":"https:\/\/blogdorogeriogomes.com.br\/noticias\/wp-json\/wp\/v2\/tags?post=26584"}],"curies":[{"name":"wp","href":"https:\/\/api.w.org\/{rel}","templated":true}]}}