{"id":26614,"date":"2022-08-30T00:08:06","date_gmt":"2022-08-30T00:08:06","guid":{"rendered":"https:\/\/blogdorogeriogomes.com.br\/?p=26614"},"modified":"2022-08-31T09:42:53","modified_gmt":"2022-08-31T09:42:53","slug":"capitao-wagner-roberto-claudio-e-elmano-de-freitas-tem-primeiro-embate-de-ideias-na-tv-cidade","status":"publish","type":"post","link":"https:\/\/blogdorogeriogomes.com.br\/noticias\/2022\/08\/capitao-wagner-roberto-claudio-e-elmano-de-freitas-tem-primeiro-embate-de-ideias-na-tv-cidade\/","title":{"rendered":"Capit\u00e3o Wagner, Roberto Cl\u00e1udio e Elmano de Freitas t\u00eam primeiro embate de ideias na TV Cidade"},"content":{"rendered":"\n<p>No primeiro debate na TV para o Governo do Cear\u00e1, os candidatos Capit\u00e3o Wagner (Uni\u00e3o Brasil), Roberto Cl\u00e1udio (PDT) e Elmano de Freitas (PT) tiveram os primeiros confrontos de ideias, nesta segunda-feira, dia 29 de agosto, na TV Cidade. Capit\u00e3o Wagner buscou apresentar propostas e evitar associar o nome ao presidente Jair Bolsonaro (PL), que diz apoiar o nome do candidato do Uni\u00e3o Brasil para o Governo do Estado. J\u00e1 Roberto Cl\u00e1udio e Elmano de Freitas, que at\u00e9 ontem dividiam a mesma base aliada, procuraram mostrar diferen\u00e7as nas propostas e deixar claro ao eleitor que hoje est\u00e3o em campos opostos.<\/p>\n\n\n\n<p>Roberto Cl\u00e1udio chegou a fazer provoca\u00e7\u00f5es a Elmano, ao dizer que a verdadeira &#8220;madrinha pol\u00edtica&#8221; do petista \u00e9 a ex-prefeito de Fortaleza, Luizianne Lins, a quem RC criticou a gest\u00e3o no que se refere \u00e0 sa\u00fade p\u00fablica na Capital.<\/p>\n\n\n\n<p>Capit\u00e3o Wagner se mostrou, durante o debate, ser favor\u00e1vel ao uso de armas de fogo pela popula\u00e7\u00e3o cearense. Wagner afirmou ainda ser preciso uma prepara\u00e7\u00e3o para que a utiliza\u00e7\u00e3o do armamento seja feita de forma respons\u00e1vel. Roberto Cl\u00e1udio ressaltou que a flexibiliza\u00e7\u00e3o de armas defendida por Capit\u00e3o Wagner mostra o quanto ele \u00e9 alinhado \u00e0s ideias do presidente da Rep\u00fablica, Jair Bolsonaro.<\/p>\n\n\n\n<p>O debate foi bem disputado, com Capit\u00e3o Wagner sendo alvo comum de Roberto Cl\u00e1udio e Elmano de Freitas. Afinal, o candidato do Uni\u00e3o Brasil vem liderando as pesquisas. Roberto Cl\u00e1udio apostou em mostrar \u00eaxito de quando foi prefeito de Fortaleza. J\u00e1 Elmano defendeu a continuidade das melhorias promovidas no Cear\u00e1 na gest\u00e3o do ex-governador Camilo Santana e agora Izolda Cela.<\/p>\n\n\n\n<p>Para um primeiro embate, valeu pela disposi\u00e7\u00e3o dos candidatos em trocar cr\u00edticas. O acirramento da disputa deve se acentuar at\u00e9 2 de outubro, quando ocorre o 1\u00b0 turno.<br><br><\/p>\n\n\n\n<figure class=\"wp-block-image size-full\"><img loading=\"lazy\" decoding=\"async\" width=\"1024\" height=\"768\" src=\"https:\/\/blogdorogeriogomes.com.br\/wp-content\/uploads\/2022\/08\/acompanhe-em-tempo-real-o-primeiro-debate-com-os-candidatos-ao-governo-do-ceara.jpeg\" alt=\"\" class=\"wp-image-26615\" srcset=\"https:\/\/blogdorogeriogomes.com.br\/noticias\/wp-content\/uploads\/2022\/08\/acompanhe-em-tempo-real-o-primeiro-debate-com-os-candidatos-ao-governo-do-ceara.jpeg 1024w, https:\/\/blogdorogeriogomes.com.br\/noticias\/wp-content\/uploads\/2022\/08\/acompanhe-em-tempo-real-o-primeiro-debate-com-os-candidatos-ao-governo-do-ceara-300x225.jpeg 300w, https:\/\/blogdorogeriogomes.com.br\/noticias\/wp-content\/uploads\/2022\/08\/acompanhe-em-tempo-real-o-primeiro-debate-com-os-candidatos-ao-governo-do-ceara-768x576.jpeg 768w, https:\/\/blogdorogeriogomes.com.br\/noticias\/wp-content\/uploads\/2022\/08\/acompanhe-em-tempo-real-o-primeiro-debate-com-os-candidatos-ao-governo-do-ceara-800x600.jpeg 800w, https:\/\/blogdorogeriogomes.com.br\/noticias\/wp-content\/uploads\/2022\/08\/acompanhe-em-tempo-real-o-primeiro-debate-com-os-candidatos-ao-governo-do-ceara-400x300.jpeg 400w\" sizes=\"auto, (max-width: 1024px) 100vw, 1024px\" \/><\/figure>\n","protected":false},"excerpt":{"rendered":"<p>No primeiro debate na TV para o Governo do Cear\u00e1, os candidatos Capit\u00e3o Wagner (Uni\u00e3o Brasil), Roberto Cl\u00e1udio (PDT) e Elmano de Freitas (PT) tiveram os primeiros confrontos de ideias, nesta segunda-feira, dia 29 de agosto, na TV Cidade. Capit\u00e3o Wagner buscou apresentar propostas e evitar associar o nome ao presidente Jair Bolsonaro (PL), que diz apoiar o nome do candidato do Uni\u00e3o Brasil para o Governo do Estado. J\u00e1 Roberto Cl\u00e1udio e Elmano de Freitas, que at\u00e9 ontem&hellip;<\/p>\n","protected":false},"author":1,"featured_media":26615,"comment_status":"open","ping_status":"open","sticky":false,"template":"","format":"standard","meta":{"footnotes":""},"categories":[1],"tags":[],"class_list":["post-26614","post","type-post","status-publish","format-standard","has-post-thumbnail","hentry","category-noticias"],"_links":{"self":[{"href":"https:\/\/blogdorogeriogomes.com.br\/noticias\/wp-json\/wp\/v2\/posts\/26614","targetHints":{"allow":["GET"]}}],"collection":[{"href":"https:\/\/blogdorogeriogomes.com.br\/noticias\/wp-json\/wp\/v2\/posts"}],"about":[{"href":"https:\/\/blogdorogeriogomes.com.br\/noticias\/wp-json\/wp\/v2\/types\/post"}],"author":[{"embeddable":true,"href":"https:\/\/blogdorogeriogomes.com.br\/noticias\/wp-json\/wp\/v2\/users\/1"}],"replies":[{"embeddable":true,"href":"https:\/\/blogdorogeriogomes.com.br\/noticias\/wp-json\/wp\/v2\/comments?post=26614"}],"version-history":[{"count":1,"href":"https:\/\/blogdorogeriogomes.com.br\/noticias\/wp-json\/wp\/v2\/posts\/26614\/revisions"}],"predecessor-version":[{"id":26616,"href":"https:\/\/blogdorogeriogomes.com.br\/noticias\/wp-json\/wp\/v2\/posts\/26614\/revisions\/26616"}],"wp:featuredmedia":[{"embeddable":true,"href":"https:\/\/blogdorogeriogomes.com.br\/noticias\/wp-json\/wp\/v2\/media\/26615"}],"wp:attachment":[{"href":"https:\/\/blogdorogeriogomes.com.br\/noticias\/wp-json\/wp\/v2\/media?parent=26614"}],"wp:term":[{"taxonomy":"category","embeddable":true,"href":"https:\/\/blogdorogeriogomes.com.br\/noticias\/wp-json\/wp\/v2\/categories?post=26614"},{"taxonomy":"post_tag","embeddable":true,"href":"https:\/\/blogdorogeriogomes.com.br\/noticias\/wp-json\/wp\/v2\/tags?post=26614"}],"curies":[{"name":"wp","href":"https:\/\/api.w.org\/{rel}","templated":true}]}}