{"id":26624,"date":"2022-08-30T23:45:52","date_gmt":"2022-08-30T23:45:52","guid":{"rendered":"https:\/\/blogdorogeriogomes.com.br\/?p=26624"},"modified":"2022-08-31T09:41:16","modified_gmt":"2022-08-31T09:41:16","slug":"sarto-envia-projeto-para-a-camara-municipal-que-garante-o-pagamento-de-80-dos-precatorios-da-educacao-aos-professores","status":"publish","type":"post","link":"https:\/\/blogdorogeriogomes.com.br\/noticias\/2022\/08\/sarto-envia-projeto-para-a-camara-municipal-que-garante-o-pagamento-de-80-dos-precatorios-da-educacao-aos-professores\/","title":{"rendered":"Sarto envia projeto para a C\u00e2mara Municipal que garante o pagamento de 80% dos precat\u00f3rios da educa\u00e7\u00e3o aos professores"},"content":{"rendered":"\n<p>O prefeito de Fortaleza, Jos\u00e9 Sarto, anunciou um projeto de lei destinando 80% do valor dos precat\u00f3rios para os profissionais da educa\u00e7\u00e3o. Os recursos chegam a R$ 800 milh\u00f5es de reais.<\/p>\n\n\n\n<p>O projeto de lei que destina 80% do valor dos precat\u00f3rios para o pagamento dos profissionais da educa\u00e7\u00e3o em Fortaleza foi enviado nesta ter\u00e7a-feira, dia 30 de agosto, para a C\u00e2mara Municipal. O pagamento dos recursos ainda est\u00e1 judicializado no Tribunal Regional Federal da 5\u00aa Regi\u00e3o. Mas com o projeto de lei, os professores ter\u00e3o a garantia de libera\u00e7\u00e3o dos recursos.<\/p>\n\n\n\n<p>O envio da mensagem dos precat\u00f3rios da educa\u00e7\u00e3o para a C\u00e2mara Municipal foi um compromisso assumido pelo prefeito Jos\u00e9 Sarto em reuni\u00e3o com o Sindiute, no \u00faltimo dia 11 de agosto. Diante do impasse, a categoria dos professores chegou at\u00e9 a amea\u00e7ar uma paralisa\u00e7\u00e3o.<\/p>\n\n\n\n<p>Os outros 20% do valor dos precat\u00f3rios ser\u00e3o aplicados na manuten\u00e7\u00e3o e no desenvolvimento da Rede Municipal de Ensino. Tamb\u00e9m foi acertada com a gest\u00e3o municipal a convoca\u00e7\u00e3o dos servidores da Educa\u00e7\u00e3o para ades\u00e3o \u00e0 pec\u00fania, que \u00e9 a convers\u00e3o do direito a licen\u00e7a pr\u00eamio dos professores.<\/p>\n\n\n\n<figure class=\"wp-block-image size-large\"><img loading=\"lazy\" decoding=\"async\" width=\"1024\" height=\"602\" src=\"https:\/\/blogdorogeriogomes.com.br\/wp-content\/uploads\/2022\/08\/30-08-2022-SME-IMG_9030-1024x602.jpg\" alt=\"\" class=\"wp-image-26625\" srcset=\"https:\/\/blogdorogeriogomes.com.br\/noticias\/wp-content\/uploads\/2022\/08\/30-08-2022-SME-IMG_9030-1024x602.jpg 1024w, https:\/\/blogdorogeriogomes.com.br\/noticias\/wp-content\/uploads\/2022\/08\/30-08-2022-SME-IMG_9030-300x176.jpg 300w, https:\/\/blogdorogeriogomes.com.br\/noticias\/wp-content\/uploads\/2022\/08\/30-08-2022-SME-IMG_9030-768x451.jpg 768w, https:\/\/blogdorogeriogomes.com.br\/noticias\/wp-content\/uploads\/2022\/08\/30-08-2022-SME-IMG_9030-800x470.jpg 800w, https:\/\/blogdorogeriogomes.com.br\/noticias\/wp-content\/uploads\/2022\/08\/30-08-2022-SME-IMG_9030.jpg 1280w\" sizes=\"auto, (max-width: 1024px) 100vw, 1024px\" \/><\/figure>\n","protected":false},"excerpt":{"rendered":"<p>O prefeito de Fortaleza, Jos\u00e9 Sarto, anunciou um projeto de lei destinando 80% do valor dos precat\u00f3rios para os profissionais da educa\u00e7\u00e3o. Os recursos chegam a R$ 800 milh\u00f5es de reais. O projeto de lei que destina 80% do valor dos precat\u00f3rios para o pagamento dos profissionais da educa\u00e7\u00e3o em Fortaleza foi enviado nesta ter\u00e7a-feira, dia 30 de agosto, para a C\u00e2mara Municipal. O pagamento dos recursos ainda est\u00e1 judicializado no Tribunal Regional Federal da 5\u00aa Regi\u00e3o. Mas com&hellip;<\/p>\n","protected":false},"author":1,"featured_media":26625,"comment_status":"open","ping_status":"open","sticky":false,"template":"","format":"standard","meta":{"footnotes":""},"categories":[1],"tags":[],"class_list":["post-26624","post","type-post","status-publish","format-standard","has-post-thumbnail","hentry","category-noticias"],"_links":{"self":[{"href":"https:\/\/blogdorogeriogomes.com.br\/noticias\/wp-json\/wp\/v2\/posts\/26624","targetHints":{"allow":["GET"]}}],"collection":[{"href":"https:\/\/blogdorogeriogomes.com.br\/noticias\/wp-json\/wp\/v2\/posts"}],"about":[{"href":"https:\/\/blogdorogeriogomes.com.br\/noticias\/wp-json\/wp\/v2\/types\/post"}],"author":[{"embeddable":true,"href":"https:\/\/blogdorogeriogomes.com.br\/noticias\/wp-json\/wp\/v2\/users\/1"}],"replies":[{"embeddable":true,"href":"https:\/\/blogdorogeriogomes.com.br\/noticias\/wp-json\/wp\/v2\/comments?post=26624"}],"version-history":[{"count":1,"href":"https:\/\/blogdorogeriogomes.com.br\/noticias\/wp-json\/wp\/v2\/posts\/26624\/revisions"}],"predecessor-version":[{"id":26626,"href":"https:\/\/blogdorogeriogomes.com.br\/noticias\/wp-json\/wp\/v2\/posts\/26624\/revisions\/26626"}],"wp:featuredmedia":[{"embeddable":true,"href":"https:\/\/blogdorogeriogomes.com.br\/noticias\/wp-json\/wp\/v2\/media\/26625"}],"wp:attachment":[{"href":"https:\/\/blogdorogeriogomes.com.br\/noticias\/wp-json\/wp\/v2\/media?parent=26624"}],"wp:term":[{"taxonomy":"category","embeddable":true,"href":"https:\/\/blogdorogeriogomes.com.br\/noticias\/wp-json\/wp\/v2\/categories?post=26624"},{"taxonomy":"post_tag","embeddable":true,"href":"https:\/\/blogdorogeriogomes.com.br\/noticias\/wp-json\/wp\/v2\/tags?post=26624"}],"curies":[{"name":"wp","href":"https:\/\/api.w.org\/{rel}","templated":true}]}}