{"id":26627,"date":"2022-08-31T00:18:44","date_gmt":"2022-08-31T00:18:44","guid":{"rendered":"https:\/\/blogdorogeriogomes.com.br\/?p=26627"},"modified":"2022-08-31T10:39:11","modified_gmt":"2022-08-31T10:39:11","slug":"candidatos-ao-governo-do-ceara-dividem-atividades-de-campanha-em-fortaleza-e-no-interior","status":"publish","type":"post","link":"https:\/\/blogdorogeriogomes.com.br\/noticias\/2022\/08\/candidatos-ao-governo-do-ceara-dividem-atividades-de-campanha-em-fortaleza-e-no-interior\/","title":{"rendered":"Candidatos ao Governo do Cear\u00e1 dividem atividades de campanha em Fortaleza e no interior"},"content":{"rendered":"\n<p>A ter\u00e7a-feira, dia 30 de agosto, foi de atividades de campanha dos candidatos ao Governo do Cear\u00e1 em Fortaleza e no interior do Estado. <\/p>\n\n\n\n<p>O candidato do Uni\u00e3o Brasil, Capit\u00e3o Wagner, esteve no Sert\u00e3o Central, visitando os munic\u00edpios de Banabui\u00fa e Milh\u00e3. Ele esteve acompanhado da candidata ao Senado Kamila Cardoso (Avante), do vice Raimundo Gomes de Matos e de outras lideran\u00e7as.<\/p>\n\n\n\n<p>O candidato Roberto Cl\u00e1udio (PDT) firmou o compromisso de incluir vereadores cearenses em sua estrat\u00e9gia de governabilidade e pediu o engajamento dos representantes dos mais de 100 munic\u00edpios, que estavam presentes num encontro nesta ter\u00e7a-feira, no bairro Meireles, em Fortaleza.<\/p>\n\n\n\n<p>O evento contou com a participa\u00e7\u00e3o do candidato a vice-governador, Domingos Filho (PSD), da esposa de Roberto Cl\u00e1udio, Carol Bezerra, da candidata ao Senado Federal, \u00c9rika Amorim (PSD) e do prefeito de Fortaleza, Jos\u00e9 Sarto, al\u00e9m de lideran\u00e7as de todo o estado e de candidatos a deputado estadual e federal.<\/p>\n\n\n\n<p>J\u00e1 o candidato ao Governo pelo PT, Elmano de Freitas, e o ex-governador Camilo Santana fizeram um primeiro bate-papo virtual com a popula\u00e7\u00e3o sobre as elei\u00e7\u00f5es 2022. Eles apresentaram propostas da coliga\u00e7\u00e3o Cear\u00e1 Cada Vez Mais Forte, responderam d\u00favidas dos eleitores e pontuaram a agenda de visitas por todas as cidades do Cear\u00e1. Um dos destaques foi a afirma\u00e7\u00e3o de que, quando governador, Elmano Freitas manter\u00e1 esse canal de di\u00e1logo aberto com a popula\u00e7\u00e3o todas as ter\u00e7as, para prestar contas da administra\u00e7\u00e3o estadual e projetar novas a\u00e7\u00f5es do Governo do Cear\u00e1.<\/p>\n\n\n\n<figure class=\"wp-block-image size-large\"><img loading=\"lazy\" decoding=\"async\" width=\"1024\" height=\"682\" src=\"https:\/\/blogdorogeriogomes.com.br\/wp-content\/uploads\/2022\/08\/IMG-20220830-WA0170-1024x682.jpg\" alt=\"\" class=\"wp-image-26628\" srcset=\"https:\/\/blogdorogeriogomes.com.br\/noticias\/wp-content\/uploads\/2022\/08\/IMG-20220830-WA0170-1024x682.jpg 1024w, https:\/\/blogdorogeriogomes.com.br\/noticias\/wp-content\/uploads\/2022\/08\/IMG-20220830-WA0170-300x200.jpg 300w, https:\/\/blogdorogeriogomes.com.br\/noticias\/wp-content\/uploads\/2022\/08\/IMG-20220830-WA0170-768x512.jpg 768w, https:\/\/blogdorogeriogomes.com.br\/noticias\/wp-content\/uploads\/2022\/08\/IMG-20220830-WA0170-800x533.jpg 800w, https:\/\/blogdorogeriogomes.com.br\/noticias\/wp-content\/uploads\/2022\/08\/IMG-20220830-WA0170.jpg 1280w\" sizes=\"auto, (max-width: 1024px) 100vw, 1024px\" \/><\/figure>\n\n\n\n<figure class=\"wp-block-image size-large\"><img loading=\"lazy\" decoding=\"async\" width=\"819\" height=\"1024\" src=\"https:\/\/blogdorogeriogomes.com.br\/wp-content\/uploads\/2022\/08\/IMG-20220830-WA0174-819x1024.jpg\" alt=\"\" class=\"wp-image-26629\" srcset=\"https:\/\/blogdorogeriogomes.com.br\/noticias\/wp-content\/uploads\/2022\/08\/IMG-20220830-WA0174-819x1024.jpg 819w, https:\/\/blogdorogeriogomes.com.br\/noticias\/wp-content\/uploads\/2022\/08\/IMG-20220830-WA0174-240x300.jpg 240w, https:\/\/blogdorogeriogomes.com.br\/noticias\/wp-content\/uploads\/2022\/08\/IMG-20220830-WA0174-768x960.jpg 768w, https:\/\/blogdorogeriogomes.com.br\/noticias\/wp-content\/uploads\/2022\/08\/IMG-20220830-WA0174-800x1000.jpg 800w, https:\/\/blogdorogeriogomes.com.br\/noticias\/wp-content\/uploads\/2022\/08\/IMG-20220830-WA0174.jpg 1080w\" sizes=\"auto, (max-width: 819px) 100vw, 819px\" \/><\/figure>\n\n\n\n<figure class=\"wp-block-image size-large\"><img loading=\"lazy\" decoding=\"async\" width=\"1024\" height=\"683\" src=\"https:\/\/blogdorogeriogomes.com.br\/wp-content\/uploads\/2022\/08\/IMG-20220830-WA0173-1024x683.jpg\" alt=\"\" class=\"wp-image-26630\" srcset=\"https:\/\/blogdorogeriogomes.com.br\/noticias\/wp-content\/uploads\/2022\/08\/IMG-20220830-WA0173-1024x683.jpg 1024w, https:\/\/blogdorogeriogomes.com.br\/noticias\/wp-content\/uploads\/2022\/08\/IMG-20220830-WA0173-300x200.jpg 300w, https:\/\/blogdorogeriogomes.com.br\/noticias\/wp-content\/uploads\/2022\/08\/IMG-20220830-WA0173-768x512.jpg 768w, https:\/\/blogdorogeriogomes.com.br\/noticias\/wp-content\/uploads\/2022\/08\/IMG-20220830-WA0173-1536x1024.jpg 1536w, https:\/\/blogdorogeriogomes.com.br\/noticias\/wp-content\/uploads\/2022\/08\/IMG-20220830-WA0173-800x533.jpg 800w, https:\/\/blogdorogeriogomes.com.br\/noticias\/wp-content\/uploads\/2022\/08\/IMG-20220830-WA0173.jpg 1920w\" sizes=\"auto, (max-width: 1024px) 100vw, 1024px\" \/><\/figure>\n\n\n\n<p><\/p>\n\n\n\n<p><\/p>\n\n\n\n<figure class=\"wp-block-embed\"><div class=\"wp-block-embed__wrapper\">\nhttps:\/\/drive.google.com\/drive\/folders\/1m22McRKMvgk65H3H3H9rUA-SHJkhILKl\n<\/div><\/figure>\n\n\n\n<p><\/p>\n\n\n\n<p><\/p>\n\n\n\n<p><\/p>\n","protected":false},"excerpt":{"rendered":"<p>A ter\u00e7a-feira, dia 30 de agosto, foi de atividades de campanha dos candidatos ao Governo do Cear\u00e1 em Fortaleza e no interior do Estado. O candidato do Uni\u00e3o Brasil, Capit\u00e3o Wagner, esteve no Sert\u00e3o Central, visitando os munic\u00edpios de Banabui\u00fa e Milh\u00e3. Ele esteve acompanhado da candidata ao Senado Kamila Cardoso (Avante), do vice Raimundo Gomes de Matos e de outras lideran\u00e7as. O candidato Roberto Cl\u00e1udio (PDT) firmou o compromisso de incluir vereadores cearenses em sua estrat\u00e9gia de governabilidade&hellip;<\/p>\n","protected":false},"author":1,"featured_media":26629,"comment_status":"open","ping_status":"open","sticky":false,"template":"","format":"standard","meta":{"footnotes":""},"categories":[1],"tags":[],"class_list":["post-26627","post","type-post","status-publish","format-standard","has-post-thumbnail","hentry","category-noticias"],"_links":{"self":[{"href":"https:\/\/blogdorogeriogomes.com.br\/noticias\/wp-json\/wp\/v2\/posts\/26627","targetHints":{"allow":["GET"]}}],"collection":[{"href":"https:\/\/blogdorogeriogomes.com.br\/noticias\/wp-json\/wp\/v2\/posts"}],"about":[{"href":"https:\/\/blogdorogeriogomes.com.br\/noticias\/wp-json\/wp\/v2\/types\/post"}],"author":[{"embeddable":true,"href":"https:\/\/blogdorogeriogomes.com.br\/noticias\/wp-json\/wp\/v2\/users\/1"}],"replies":[{"embeddable":true,"href":"https:\/\/blogdorogeriogomes.com.br\/noticias\/wp-json\/wp\/v2\/comments?post=26627"}],"version-history":[{"count":1,"href":"https:\/\/blogdorogeriogomes.com.br\/noticias\/wp-json\/wp\/v2\/posts\/26627\/revisions"}],"predecessor-version":[{"id":26631,"href":"https:\/\/blogdorogeriogomes.com.br\/noticias\/wp-json\/wp\/v2\/posts\/26627\/revisions\/26631"}],"wp:featuredmedia":[{"embeddable":true,"href":"https:\/\/blogdorogeriogomes.com.br\/noticias\/wp-json\/wp\/v2\/media\/26629"}],"wp:attachment":[{"href":"https:\/\/blogdorogeriogomes.com.br\/noticias\/wp-json\/wp\/v2\/media?parent=26627"}],"wp:term":[{"taxonomy":"category","embeddable":true,"href":"https:\/\/blogdorogeriogomes.com.br\/noticias\/wp-json\/wp\/v2\/categories?post=26627"},{"taxonomy":"post_tag","embeddable":true,"href":"https:\/\/blogdorogeriogomes.com.br\/noticias\/wp-json\/wp\/v2\/tags?post=26627"}],"curies":[{"name":"wp","href":"https:\/\/api.w.org\/{rel}","templated":true}]}}