{"id":26636,"date":"2022-08-31T10:54:20","date_gmt":"2022-08-31T10:54:20","guid":{"rendered":"https:\/\/blogdorogeriogomes.com.br\/?p=26636"},"modified":"2022-08-31T19:05:39","modified_gmt":"2022-08-31T19:05:39","slug":"senador-cid-gomes-tira-licenca-em-setembro-e-empresario-julinho-ventura-assumira-vaga-por-quatro-meses","status":"publish","type":"post","link":"https:\/\/blogdorogeriogomes.com.br\/noticias\/2022\/08\/senador-cid-gomes-tira-licenca-em-setembro-e-empresario-julinho-ventura-assumira-vaga-por-quatro-meses\/","title":{"rendered":"Senador Cid Gomes tira licen\u00e7a em setembro e empres\u00e1rio Julinho Ventura assumir\u00e1 vaga por quatro meses"},"content":{"rendered":"\n<p>O senador cearense Cid Gomes, do PDT, vai tirar outra licen\u00e7a do Senado a partir de 5 de setembro. A vaga ser\u00e1 assumida pelo seu segundo suplente, o empres\u00e1rio Julinho Ventura. O primeiro suplente de Cid \u00e9 Prisco Bezerra, irm\u00e3o do ex-prefeito de Fortaleza, Roberto Cl\u00e1udio, candidato do PDT ao Governo do Estado. Prisco pediu dispensa porque vai se dedicar \u00e0 campanha pol\u00edtica do irm\u00e3o.<\/p>\n\n\n\n<p>A licen\u00e7a de Cid Gomes ser\u00e1 de quatro meses. Assim, o empres\u00e1rio Julinho Ventura ficar\u00e1 como senador at\u00e9 janeiro de 2023. Em outra oportunidade, Cid Gomes pediu licen\u00e7a para que o primeiro suplente Prisco Bezerra assumisse o mandato por quatro meses.<\/p>\n\n\n\n<p>Cid Gomes deve se dedicar \u00e0 campanha pol\u00edtica do irm\u00e3o Ciro Gomes, que concorre pela quarta vez \u00e0 Presid\u00eancia da Rep\u00fablica. N\u00e3o se sabe se ele vai se envolver na campanha estadual. A posse de Julinho Ventura no Senado foi acertada com o presidente Rodrigo Pacheco para a pr\u00f3xima segunda-feira, dia 5 de setembro.<\/p>\n\n\n\n<figure class=\"wp-block-image size-full\"><img loading=\"lazy\" decoding=\"async\" width=\"550\" height=\"367\" src=\"https:\/\/blogdorogeriogomes.com.br\/wp-content\/uploads\/2022\/08\/images-64.jpeg\" alt=\"\" class=\"wp-image-26637\" srcset=\"https:\/\/blogdorogeriogomes.com.br\/noticias\/wp-content\/uploads\/2022\/08\/images-64.jpeg 550w, https:\/\/blogdorogeriogomes.com.br\/noticias\/wp-content\/uploads\/2022\/08\/images-64-300x200.jpeg 300w\" sizes=\"auto, (max-width: 550px) 100vw, 550px\" \/><\/figure>\n","protected":false},"excerpt":{"rendered":"<p>O senador cearense Cid Gomes, do PDT, vai tirar outra licen\u00e7a do Senado a partir de 5 de setembro. A vaga ser\u00e1 assumida pelo seu segundo suplente, o empres\u00e1rio Julinho Ventura. O primeiro suplente de Cid \u00e9 Prisco Bezerra, irm\u00e3o do ex-prefeito de Fortaleza, Roberto Cl\u00e1udio, candidato do PDT ao Governo do Estado. Prisco pediu dispensa porque vai se dedicar \u00e0 campanha pol\u00edtica do irm\u00e3o. A licen\u00e7a de Cid Gomes ser\u00e1 de quatro meses. Assim, o empres\u00e1rio Julinho Ventura&hellip;<\/p>\n","protected":false},"author":1,"featured_media":26637,"comment_status":"open","ping_status":"open","sticky":false,"template":"","format":"standard","meta":{"footnotes":""},"categories":[1],"tags":[],"class_list":["post-26636","post","type-post","status-publish","format-standard","has-post-thumbnail","hentry","category-noticias"],"_links":{"self":[{"href":"https:\/\/blogdorogeriogomes.com.br\/noticias\/wp-json\/wp\/v2\/posts\/26636","targetHints":{"allow":["GET"]}}],"collection":[{"href":"https:\/\/blogdorogeriogomes.com.br\/noticias\/wp-json\/wp\/v2\/posts"}],"about":[{"href":"https:\/\/blogdorogeriogomes.com.br\/noticias\/wp-json\/wp\/v2\/types\/post"}],"author":[{"embeddable":true,"href":"https:\/\/blogdorogeriogomes.com.br\/noticias\/wp-json\/wp\/v2\/users\/1"}],"replies":[{"embeddable":true,"href":"https:\/\/blogdorogeriogomes.com.br\/noticias\/wp-json\/wp\/v2\/comments?post=26636"}],"version-history":[{"count":1,"href":"https:\/\/blogdorogeriogomes.com.br\/noticias\/wp-json\/wp\/v2\/posts\/26636\/revisions"}],"predecessor-version":[{"id":26638,"href":"https:\/\/blogdorogeriogomes.com.br\/noticias\/wp-json\/wp\/v2\/posts\/26636\/revisions\/26638"}],"wp:featuredmedia":[{"embeddable":true,"href":"https:\/\/blogdorogeriogomes.com.br\/noticias\/wp-json\/wp\/v2\/media\/26637"}],"wp:attachment":[{"href":"https:\/\/blogdorogeriogomes.com.br\/noticias\/wp-json\/wp\/v2\/media?parent=26636"}],"wp:term":[{"taxonomy":"category","embeddable":true,"href":"https:\/\/blogdorogeriogomes.com.br\/noticias\/wp-json\/wp\/v2\/categories?post=26636"},{"taxonomy":"post_tag","embeddable":true,"href":"https:\/\/blogdorogeriogomes.com.br\/noticias\/wp-json\/wp\/v2\/tags?post=26636"}],"curies":[{"name":"wp","href":"https:\/\/api.w.org\/{rel}","templated":true}]}}