{"id":26639,"date":"2022-08-31T11:19:49","date_gmt":"2022-08-31T11:19:49","guid":{"rendered":"https:\/\/blogdorogeriogomes.com.br\/?p=26639"},"modified":"2022-08-31T19:05:25","modified_gmt":"2022-08-31T19:05:25","slug":"tse-proibe-posse-de-arma-em-locais-de-votacao-no-dia-das-eleicoes","status":"publish","type":"post","link":"https:\/\/blogdorogeriogomes.com.br\/noticias\/2022\/08\/tse-proibe-posse-de-arma-em-locais-de-votacao-no-dia-das-eleicoes\/","title":{"rendered":"TSE pro\u00edbe posse de arma em locais de vota\u00e7\u00e3o no dia das elei\u00e7\u00f5es"},"content":{"rendered":"\n<p>Parecia ser uma decis\u00e3o l\u00f3gica, mas nos tempos que o uso de armas de fogo \u00e9 cada vez mais comum e estimulada pelo Governo Bolsonaro, o Tribunal Superior Eleitoral (TSE) decidiu, por unanimidade, proibir o porte de armas em se\u00e7\u00f5es eleitorais. A exce\u00e7\u00e3o vale apenas para os integrantes das For\u00e7as de Seguran\u00e7a em servi\u00e7o e com anu\u00eancia e demanda de entidade eleitoral.<\/p>\n\n\n\n<p>O ministro Ricardo Lewandowski determinou que dois dias antes da vota\u00e7\u00e3o, no dia do pleito e nas 24 horas seguintes, ningu\u00e9m se aproxime armados a menos de 100 metros do local de vota\u00e7\u00e3o, a n\u00e3o ser no caso da exce\u00e7\u00e3o dos policiais.&nbsp;Outros seis ministros acompanharam o voto do relator.<\/p>\n\n\n\n<p>O presidente do Tribunal Superior Eleitoral (TSE), ministro Alexandre de Moraes, ponderou que portar o instrumento no local de vota\u00e7\u00e3o \u201cacarreta crime eleitoral e porte ilegal de arma\u201d.<\/p>\n\n\n\n<figure class=\"wp-block-image size-full\"><img loading=\"lazy\" decoding=\"async\" width=\"620\" height=\"300\" src=\"https:\/\/blogdorogeriogomes.com.br\/wp-content\/uploads\/2022\/08\/1cf2598d-6721-4847-b0b4-5159dcf8cc59.jpeg\" alt=\"\" class=\"wp-image-26640\" srcset=\"https:\/\/blogdorogeriogomes.com.br\/noticias\/wp-content\/uploads\/2022\/08\/1cf2598d-6721-4847-b0b4-5159dcf8cc59.jpeg 620w, https:\/\/blogdorogeriogomes.com.br\/noticias\/wp-content\/uploads\/2022\/08\/1cf2598d-6721-4847-b0b4-5159dcf8cc59-300x145.jpeg 300w\" sizes=\"auto, (max-width: 620px) 100vw, 620px\" \/><\/figure>\n","protected":false},"excerpt":{"rendered":"<p>Parecia ser uma decis\u00e3o l\u00f3gica, mas nos tempos que o uso de armas de fogo \u00e9 cada vez mais comum e estimulada pelo Governo Bolsonaro, o Tribunal Superior Eleitoral (TSE) decidiu, por unanimidade, proibir o porte de armas em se\u00e7\u00f5es eleitorais. A exce\u00e7\u00e3o vale apenas para os integrantes das For\u00e7as de Seguran\u00e7a em servi\u00e7o e com anu\u00eancia e demanda de entidade eleitoral. O ministro Ricardo Lewandowski determinou que dois dias antes da vota\u00e7\u00e3o, no dia do pleito e nas&hellip;<\/p>\n","protected":false},"author":1,"featured_media":26640,"comment_status":"open","ping_status":"open","sticky":false,"template":"","format":"standard","meta":{"footnotes":""},"categories":[1],"tags":[],"class_list":["post-26639","post","type-post","status-publish","format-standard","has-post-thumbnail","hentry","category-noticias"],"_links":{"self":[{"href":"https:\/\/blogdorogeriogomes.com.br\/noticias\/wp-json\/wp\/v2\/posts\/26639","targetHints":{"allow":["GET"]}}],"collection":[{"href":"https:\/\/blogdorogeriogomes.com.br\/noticias\/wp-json\/wp\/v2\/posts"}],"about":[{"href":"https:\/\/blogdorogeriogomes.com.br\/noticias\/wp-json\/wp\/v2\/types\/post"}],"author":[{"embeddable":true,"href":"https:\/\/blogdorogeriogomes.com.br\/noticias\/wp-json\/wp\/v2\/users\/1"}],"replies":[{"embeddable":true,"href":"https:\/\/blogdorogeriogomes.com.br\/noticias\/wp-json\/wp\/v2\/comments?post=26639"}],"version-history":[{"count":2,"href":"https:\/\/blogdorogeriogomes.com.br\/noticias\/wp-json\/wp\/v2\/posts\/26639\/revisions"}],"predecessor-version":[{"id":26645,"href":"https:\/\/blogdorogeriogomes.com.br\/noticias\/wp-json\/wp\/v2\/posts\/26639\/revisions\/26645"}],"wp:featuredmedia":[{"embeddable":true,"href":"https:\/\/blogdorogeriogomes.com.br\/noticias\/wp-json\/wp\/v2\/media\/26640"}],"wp:attachment":[{"href":"https:\/\/blogdorogeriogomes.com.br\/noticias\/wp-json\/wp\/v2\/media?parent=26639"}],"wp:term":[{"taxonomy":"category","embeddable":true,"href":"https:\/\/blogdorogeriogomes.com.br\/noticias\/wp-json\/wp\/v2\/categories?post=26639"},{"taxonomy":"post_tag","embeddable":true,"href":"https:\/\/blogdorogeriogomes.com.br\/noticias\/wp-json\/wp\/v2\/tags?post=26639"}],"curies":[{"name":"wp","href":"https:\/\/api.w.org\/{rel}","templated":true}]}}