{"id":26646,"date":"2022-08-31T19:21:06","date_gmt":"2022-08-31T19:21:06","guid":{"rendered":"https:\/\/blogdorogeriogomes.com.br\/?p=26646"},"modified":"2022-09-03T08:30:19","modified_gmt":"2022-09-03T08:30:19","slug":"tre-do-ceara-ganha-nova-sede-em-fortaleza-no-evento-izolda-cela-confirmou-reforco-na-seguranca-durante-as-eleicoes","status":"publish","type":"post","link":"https:\/\/blogdorogeriogomes.com.br\/noticias\/2022\/08\/tre-do-ceara-ganha-nova-sede-em-fortaleza-no-evento-izolda-cela-confirmou-reforco-na-seguranca-durante-as-eleicoes\/","title":{"rendered":"TRE do Cear\u00e1 ganha nova sede em Fortaleza. No evento, Izolda Cela confirmou refor\u00e7o na seguran\u00e7a durante as elei\u00e7\u00f5es\u00a0"},"content":{"rendered":"\n<p>O Tribunal Regional Eleitoral do Cear\u00e1 (TRE) ganhou uma nova sede, localizada no bairro Luciano Cavalcante, em Fortaleza. A solenidade de inaugura\u00e7\u00e3o, nesta quarta-feira, dia 31 de agosto, teve a presen\u00e7a da governadora Izolda Cela.<\/p>\n\n\n\n<p>A nova sede do TRE conta com quase 30 mil metros quadrados de \u00e1rea constru\u00edda, que inclui um pr\u00e9dio administrativo e bloco para eventos. A entrega do equipamento contou com uma sess\u00e3o solene com a presen\u00e7a de magistrados, autoridades e da governadora Izolda Cela. A constru\u00e7\u00e3o de uma nova sede estadual da Justi\u00e7a Eleitoral era uma reivindica\u00e7\u00e3o antiga dos ju\u00edzes e desembargadores.<\/p>\n\n\n\n<p>&#8220;O novo equipamento j\u00e1 deve ser utilizado em parte para o processo eleitoral deste ano&#8221;, disse o Desembargador In\u00e1cio de Alencar Cortez&nbsp; Neto, presidente do TRE-CE.<\/p>\n\n\n\n<p>Para as elei\u00e7\u00f5es deste ano, o TRE do Cear\u00e1 j\u00e1 pediu o refor\u00e7o de tropas federais para 10 munic\u00edpios no 1\u00b0 turno. O Governo do Estado tamb\u00e9m vai colocar todo o efetivo de seguran\u00e7a \u00e0 disposi\u00e7\u00e3o, inclusive, com a suspens\u00e3o de f\u00e9rias de todos os policiais no per\u00edodo eleitoral.<\/p>\n\n\n\n<p>A governadora Izolda Cela tamb\u00e9m aguarda a libera\u00e7\u00e3o do envio de tropas federais pelo Tribunal Superior Eleitoral para ajudar no trabalho das for\u00e7as de seguran\u00e7a estaduais na Capital e interior.<\/p>\n\n\n\n<figure class=\"wp-block-image size-large is-resized\"><img loading=\"lazy\" decoding=\"async\" src=\"https:\/\/blogdorogeriogomes.com.br\/wp-content\/uploads\/2022\/08\/IMG_20220831_1605424102-1024x689.jpg\" alt=\"\" class=\"wp-image-26648\" width=\"340\" height=\"228\" srcset=\"https:\/\/blogdorogeriogomes.com.br\/noticias\/wp-content\/uploads\/2022\/08\/IMG_20220831_1605424102-1024x689.jpg 1024w, https:\/\/blogdorogeriogomes.com.br\/noticias\/wp-content\/uploads\/2022\/08\/IMG_20220831_1605424102-300x202.jpg 300w, https:\/\/blogdorogeriogomes.com.br\/noticias\/wp-content\/uploads\/2022\/08\/IMG_20220831_1605424102-768x517.jpg 768w, https:\/\/blogdorogeriogomes.com.br\/noticias\/wp-content\/uploads\/2022\/08\/IMG_20220831_1605424102-1536x1033.jpg 1536w, https:\/\/blogdorogeriogomes.com.br\/noticias\/wp-content\/uploads\/2022\/08\/IMG_20220831_1605424102-2048x1378.jpg 2048w, https:\/\/blogdorogeriogomes.com.br\/noticias\/wp-content\/uploads\/2022\/08\/IMG_20220831_1605424102-800x538.jpg 800w\" sizes=\"auto, (max-width: 340px) 100vw, 340px\" \/><\/figure>\n","protected":false},"excerpt":{"rendered":"<p>O Tribunal Regional Eleitoral do Cear\u00e1 (TRE) ganhou uma nova sede, localizada no bairro Luciano Cavalcante, em Fortaleza. A solenidade de inaugura\u00e7\u00e3o, nesta quarta-feira, dia 31 de agosto, teve a presen\u00e7a da governadora Izolda Cela. A nova sede do TRE conta com quase 30 mil metros quadrados de \u00e1rea constru\u00edda, que inclui um pr\u00e9dio administrativo e bloco para eventos. A entrega do equipamento contou com uma sess\u00e3o solene com a presen\u00e7a de magistrados, autoridades e da governadora Izolda Cela.&hellip;<\/p>\n","protected":false},"author":1,"featured_media":26648,"comment_status":"open","ping_status":"open","sticky":false,"template":"","format":"standard","meta":{"footnotes":""},"categories":[1],"tags":[],"class_list":["post-26646","post","type-post","status-publish","format-standard","has-post-thumbnail","hentry","category-noticias"],"_links":{"self":[{"href":"https:\/\/blogdorogeriogomes.com.br\/noticias\/wp-json\/wp\/v2\/posts\/26646","targetHints":{"allow":["GET"]}}],"collection":[{"href":"https:\/\/blogdorogeriogomes.com.br\/noticias\/wp-json\/wp\/v2\/posts"}],"about":[{"href":"https:\/\/blogdorogeriogomes.com.br\/noticias\/wp-json\/wp\/v2\/types\/post"}],"author":[{"embeddable":true,"href":"https:\/\/blogdorogeriogomes.com.br\/noticias\/wp-json\/wp\/v2\/users\/1"}],"replies":[{"embeddable":true,"href":"https:\/\/blogdorogeriogomes.com.br\/noticias\/wp-json\/wp\/v2\/comments?post=26646"}],"version-history":[{"count":1,"href":"https:\/\/blogdorogeriogomes.com.br\/noticias\/wp-json\/wp\/v2\/posts\/26646\/revisions"}],"predecessor-version":[{"id":26649,"href":"https:\/\/blogdorogeriogomes.com.br\/noticias\/wp-json\/wp\/v2\/posts\/26646\/revisions\/26649"}],"wp:featuredmedia":[{"embeddable":true,"href":"https:\/\/blogdorogeriogomes.com.br\/noticias\/wp-json\/wp\/v2\/media\/26648"}],"wp:attachment":[{"href":"https:\/\/blogdorogeriogomes.com.br\/noticias\/wp-json\/wp\/v2\/media?parent=26646"}],"wp:term":[{"taxonomy":"category","embeddable":true,"href":"https:\/\/blogdorogeriogomes.com.br\/noticias\/wp-json\/wp\/v2\/categories?post=26646"},{"taxonomy":"post_tag","embeddable":true,"href":"https:\/\/blogdorogeriogomes.com.br\/noticias\/wp-json\/wp\/v2\/tags?post=26646"}],"curies":[{"name":"wp","href":"https:\/\/api.w.org\/{rel}","templated":true}]}}