{"id":26661,"date":"2022-09-01T11:52:37","date_gmt":"2022-09-01T11:52:37","guid":{"rendered":"https:\/\/blogdorogeriogomes.com.br\/?p=26661"},"modified":"2022-09-03T08:29:04","modified_gmt":"2022-09-03T08:29:04","slug":"advogado-edson-santana-e-homenageado-na-camara-de-missao-velha","status":"publish","type":"post","link":"https:\/\/blogdorogeriogomes.com.br\/noticias\/2022\/09\/advogado-edson-santana-e-homenageado-na-camara-de-missao-velha\/","title":{"rendered":"Advogado Edson Santana \u00e9 homenageado na C\u00e2mara de Miss\u00e3o Velha"},"content":{"rendered":"\n<p>A C\u00e2mara Municipal de Miss\u00e3o Velha concedeu o t\u00edtulo de Cidad\u00e3o Honor\u00edfico Miss\u00e3ovelhense ao advogado Edson Santana, que logo ir\u00e1 inaugurar seu novo escrit\u00f3rio. A sess\u00e3o solene aconteceu no Pal\u00e1cio Jos\u00e9 Correia Lima, no \u00faltimo dia 26 de agosto de 2022.<\/p>\n\n\n\n<p>\u201cPra mim \u00e9 uma honra receber esse t\u00edtulo, fiquei surpreso com a nomea\u00e7\u00e3o, mas muito feliz e agradecido, principalmente por ser a cidade natal do meu pai, que foi e continua sendo a minha base e inspira\u00e7\u00e3o\u201d, declarou Edson Santana.<\/p>\n\n\n\n<figure class=\"wp-block-image size-full\"><img loading=\"lazy\" decoding=\"async\" width=\"767\" height=\"747\" src=\"https:\/\/blogdorogeriogomes.com.br\/wp-content\/uploads\/2022\/09\/IMG-20220901-WA0027.jpg\" alt=\"\" class=\"wp-image-26662\" srcset=\"https:\/\/blogdorogeriogomes.com.br\/noticias\/wp-content\/uploads\/2022\/09\/IMG-20220901-WA0027.jpg 767w, https:\/\/blogdorogeriogomes.com.br\/noticias\/wp-content\/uploads\/2022\/09\/IMG-20220901-WA0027-300x292.jpg 300w\" sizes=\"auto, (max-width: 767px) 100vw, 767px\" \/><\/figure>\n","protected":false},"excerpt":{"rendered":"<p>A C\u00e2mara Municipal de Miss\u00e3o Velha concedeu o t\u00edtulo de Cidad\u00e3o Honor\u00edfico Miss\u00e3ovelhense ao advogado Edson Santana, que logo ir\u00e1 inaugurar seu novo escrit\u00f3rio. A sess\u00e3o solene aconteceu no Pal\u00e1cio Jos\u00e9 Correia Lima, no \u00faltimo dia 26 de agosto de 2022. \u201cPra mim \u00e9 uma honra receber esse t\u00edtulo, fiquei surpreso com a nomea\u00e7\u00e3o, mas muito feliz e agradecido, principalmente por ser a cidade natal do meu pai, que foi e continua sendo a minha base e inspira\u00e7\u00e3o\u201d, declarou&hellip;<\/p>\n","protected":false},"author":1,"featured_media":26662,"comment_status":"open","ping_status":"open","sticky":false,"template":"","format":"standard","meta":{"footnotes":""},"categories":[1],"tags":[],"class_list":["post-26661","post","type-post","status-publish","format-standard","has-post-thumbnail","hentry","category-noticias"],"_links":{"self":[{"href":"https:\/\/blogdorogeriogomes.com.br\/noticias\/wp-json\/wp\/v2\/posts\/26661","targetHints":{"allow":["GET"]}}],"collection":[{"href":"https:\/\/blogdorogeriogomes.com.br\/noticias\/wp-json\/wp\/v2\/posts"}],"about":[{"href":"https:\/\/blogdorogeriogomes.com.br\/noticias\/wp-json\/wp\/v2\/types\/post"}],"author":[{"embeddable":true,"href":"https:\/\/blogdorogeriogomes.com.br\/noticias\/wp-json\/wp\/v2\/users\/1"}],"replies":[{"embeddable":true,"href":"https:\/\/blogdorogeriogomes.com.br\/noticias\/wp-json\/wp\/v2\/comments?post=26661"}],"version-history":[{"count":1,"href":"https:\/\/blogdorogeriogomes.com.br\/noticias\/wp-json\/wp\/v2\/posts\/26661\/revisions"}],"predecessor-version":[{"id":26663,"href":"https:\/\/blogdorogeriogomes.com.br\/noticias\/wp-json\/wp\/v2\/posts\/26661\/revisions\/26663"}],"wp:featuredmedia":[{"embeddable":true,"href":"https:\/\/blogdorogeriogomes.com.br\/noticias\/wp-json\/wp\/v2\/media\/26662"}],"wp:attachment":[{"href":"https:\/\/blogdorogeriogomes.com.br\/noticias\/wp-json\/wp\/v2\/media?parent=26661"}],"wp:term":[{"taxonomy":"category","embeddable":true,"href":"https:\/\/blogdorogeriogomes.com.br\/noticias\/wp-json\/wp\/v2\/categories?post=26661"},{"taxonomy":"post_tag","embeddable":true,"href":"https:\/\/blogdorogeriogomes.com.br\/noticias\/wp-json\/wp\/v2\/tags?post=26661"}],"curies":[{"name":"wp","href":"https:\/\/api.w.org\/{rel}","templated":true}]}}