{"id":26668,"date":"2022-09-01T23:56:58","date_gmt":"2022-09-01T23:56:58","guid":{"rendered":"https:\/\/blogdorogeriogomes.com.br\/?p=26668"},"modified":"2022-09-03T08:28:35","modified_gmt":"2022-09-03T08:28:35","slug":"pesquisa-ipec-mostra-capitao-wagner-com-32-roberto-claudio-tem-28-e-elmano-de-freitas-soma-19","status":"publish","type":"post","link":"https:\/\/blogdorogeriogomes.com.br\/noticias\/2022\/09\/pesquisa-ipec-mostra-capitao-wagner-com-32-roberto-claudio-tem-28-e-elmano-de-freitas-soma-19\/","title":{"rendered":"Pesquisa Ipec mostra Capit\u00e3o Wagner com 32%, Roberto Cl\u00e1udio tem 28% e Elmano de Freitas soma 19%"},"content":{"rendered":"\n<p>A cerca de um m\u00eas para o 1\u00b0 turno das elei\u00e7\u00f5es, a pesquisa Ipec trouxe novos n\u00fameros para a sucess\u00e3o estadual. Contratada pela TV Verdes Mares, a consulta trouxe  Capit\u00e3o Wagner (Uni\u00e3o Brasil) na lideran\u00e7a com 32%. Roberto Cl\u00e1udio (PDT) vem em segundo, j\u00e1 encostado em Wagner com 28%. Elmano de Freitas (PT) tem 19% e aparece em terceiro lugar.<\/p>\n\n\n\n<p>Na disputa pelo Senado, o ex-governador Camilo Santana (PT) lidera a disputa com 71% das inten\u00e7\u00f5es de voto, seguido por Kamila Cardoso (Avante), que tem 6%, e Erika Amorim (PSD), com 3%.<\/p>\n\n\n\n<p>A pesquisa ouviu 1.200 pessoas entre os dias 29 e 31 de agosto em 56 munic\u00edpios cearenses. A margem de erro \u00e9 de tr\u00eas pontos percentuais para mais ou para menos.<\/p>\n\n\n\n<figure class=\"wp-block-image size-full\"><img loading=\"lazy\" decoding=\"async\" width=\"784\" height=\"391\" src=\"https:\/\/blogdorogeriogomes.com.br\/wp-content\/uploads\/2022\/09\/images-1.jpeg\" alt=\"\" class=\"wp-image-26669\" srcset=\"https:\/\/blogdorogeriogomes.com.br\/noticias\/wp-content\/uploads\/2022\/09\/images-1.jpeg 784w, https:\/\/blogdorogeriogomes.com.br\/noticias\/wp-content\/uploads\/2022\/09\/images-1-300x150.jpeg 300w, https:\/\/blogdorogeriogomes.com.br\/noticias\/wp-content\/uploads\/2022\/09\/images-1-768x383.jpeg 768w\" sizes=\"auto, (max-width: 784px) 100vw, 784px\" \/><\/figure>\n","protected":false},"excerpt":{"rendered":"<p>A cerca de um m\u00eas para o 1\u00b0 turno das elei\u00e7\u00f5es, a pesquisa Ipec trouxe novos n\u00fameros para a sucess\u00e3o estadual. Contratada pela TV Verdes Mares, a consulta trouxe Capit\u00e3o Wagner (Uni\u00e3o Brasil) na lideran\u00e7a com 32%. Roberto Cl\u00e1udio (PDT) vem em segundo, j\u00e1 encostado em Wagner com 28%. Elmano de Freitas (PT) tem 19% e aparece em terceiro lugar. Na disputa pelo Senado, o ex-governador Camilo Santana (PT) lidera a disputa com 71% das inten\u00e7\u00f5es de voto, seguido&hellip;<\/p>\n","protected":false},"author":1,"featured_media":26669,"comment_status":"open","ping_status":"open","sticky":false,"template":"","format":"standard","meta":{"footnotes":""},"categories":[1],"tags":[],"class_list":["post-26668","post","type-post","status-publish","format-standard","has-post-thumbnail","hentry","category-noticias"],"_links":{"self":[{"href":"https:\/\/blogdorogeriogomes.com.br\/noticias\/wp-json\/wp\/v2\/posts\/26668","targetHints":{"allow":["GET"]}}],"collection":[{"href":"https:\/\/blogdorogeriogomes.com.br\/noticias\/wp-json\/wp\/v2\/posts"}],"about":[{"href":"https:\/\/blogdorogeriogomes.com.br\/noticias\/wp-json\/wp\/v2\/types\/post"}],"author":[{"embeddable":true,"href":"https:\/\/blogdorogeriogomes.com.br\/noticias\/wp-json\/wp\/v2\/users\/1"}],"replies":[{"embeddable":true,"href":"https:\/\/blogdorogeriogomes.com.br\/noticias\/wp-json\/wp\/v2\/comments?post=26668"}],"version-history":[{"count":1,"href":"https:\/\/blogdorogeriogomes.com.br\/noticias\/wp-json\/wp\/v2\/posts\/26668\/revisions"}],"predecessor-version":[{"id":26670,"href":"https:\/\/blogdorogeriogomes.com.br\/noticias\/wp-json\/wp\/v2\/posts\/26668\/revisions\/26670"}],"wp:featuredmedia":[{"embeddable":true,"href":"https:\/\/blogdorogeriogomes.com.br\/noticias\/wp-json\/wp\/v2\/media\/26669"}],"wp:attachment":[{"href":"https:\/\/blogdorogeriogomes.com.br\/noticias\/wp-json\/wp\/v2\/media?parent=26668"}],"wp:term":[{"taxonomy":"category","embeddable":true,"href":"https:\/\/blogdorogeriogomes.com.br\/noticias\/wp-json\/wp\/v2\/categories?post=26668"},{"taxonomy":"post_tag","embeddable":true,"href":"https:\/\/blogdorogeriogomes.com.br\/noticias\/wp-json\/wp\/v2\/tags?post=26668"}],"curies":[{"name":"wp","href":"https:\/\/api.w.org\/{rel}","templated":true}]}}