{"id":26674,"date":"2022-09-02T11:23:55","date_gmt":"2022-09-02T11:23:55","guid":{"rendered":"https:\/\/blogdorogeriogomes.com.br\/?p=26674"},"modified":"2022-09-03T08:28:03","modified_gmt":"2022-09-03T08:28:03","slug":"agenda-de-candidatos-ao-governo-do-estado-tem-acoes-na-capital-e-interior","status":"publish","type":"post","link":"https:\/\/blogdorogeriogomes.com.br\/noticias\/2022\/09\/agenda-de-candidatos-ao-governo-do-estado-tem-acoes-na-capital-e-interior\/","title":{"rendered":"Agenda de candidatos ao Governo do Estado tem a\u00e7\u00f5es na Capital e interior"},"content":{"rendered":"\n<p>Nesta sexta-feira, dia 2 de setembro, os candidatos ao Governo do Cear\u00e1 t\u00eam agenda de campanha em Fortaleza e munic\u00edpios do interior. <\/p>\n\n\n\n<p>O l\u00edder nas pesquisas Capit\u00e3o Wagner (Uni\u00e3o Brasil) tem atividades na Regi\u00e3o Centro-Sul. Ele faz caminhada em Quixel\u00f4 e participa da Exposi\u00e7\u00e3o Agropecu\u00e1ria de Iguatu.<\/p>\n\n\n\n<p>Roberto Cl\u00e1udio (PDT) faz caminhada em Sobral, na Zona Norte. Tem atividades previstas ainda no bairro Aracap\u00e9, em Fortaleza, e com\u00edcio em Cascavel.<\/p>\n\n\n\n<p>Elmano de Freitas tem caminhada nos bairros Jardim das Oliveiras e Conjunto Tancredo Neves, em Fortaleza. Ir\u00e1 tamb\u00e9m a Juc\u00e1s, Campos Sales e encerra o dia com um carreata no Tri\u00e2ngulo Crajubar (Crato, Juazeiro do Norte e Barbalha).<\/p>\n\n\n\n<figure class=\"wp-block-image size-large\"><img loading=\"lazy\" decoding=\"async\" width=\"1024\" height=\"682\" src=\"https:\/\/blogdorogeriogomes.com.br\/wp-content\/uploads\/2022\/09\/IMG-20220901-WA0158-1024x682.jpg\" alt=\"\" class=\"wp-image-26675\" srcset=\"https:\/\/blogdorogeriogomes.com.br\/noticias\/wp-content\/uploads\/2022\/09\/IMG-20220901-WA0158-1024x682.jpg 1024w, https:\/\/blogdorogeriogomes.com.br\/noticias\/wp-content\/uploads\/2022\/09\/IMG-20220901-WA0158-300x200.jpg 300w, https:\/\/blogdorogeriogomes.com.br\/noticias\/wp-content\/uploads\/2022\/09\/IMG-20220901-WA0158-768x512.jpg 768w, https:\/\/blogdorogeriogomes.com.br\/noticias\/wp-content\/uploads\/2022\/09\/IMG-20220901-WA0158-800x533.jpg 800w, https:\/\/blogdorogeriogomes.com.br\/noticias\/wp-content\/uploads\/2022\/09\/IMG-20220901-WA0158.jpg 1280w\" sizes=\"auto, (max-width: 1024px) 100vw, 1024px\" \/><\/figure>\n\n\n\n<figure class=\"wp-block-image size-large\"><img loading=\"lazy\" decoding=\"async\" width=\"1024\" height=\"683\" src=\"https:\/\/blogdorogeriogomes.com.br\/wp-content\/uploads\/2022\/09\/IMG-20220902-WA0014-1024x683.jpg\" alt=\"\" class=\"wp-image-26676\" srcset=\"https:\/\/blogdorogeriogomes.com.br\/noticias\/wp-content\/uploads\/2022\/09\/IMG-20220902-WA0014-1024x683.jpg 1024w, https:\/\/blogdorogeriogomes.com.br\/noticias\/wp-content\/uploads\/2022\/09\/IMG-20220902-WA0014-300x200.jpg 300w, https:\/\/blogdorogeriogomes.com.br\/noticias\/wp-content\/uploads\/2022\/09\/IMG-20220902-WA0014-768x512.jpg 768w, https:\/\/blogdorogeriogomes.com.br\/noticias\/wp-content\/uploads\/2022\/09\/IMG-20220902-WA0014-800x533.jpg 800w, https:\/\/blogdorogeriogomes.com.br\/noticias\/wp-content\/uploads\/2022\/09\/IMG-20220902-WA0014.jpg 1080w\" sizes=\"auto, (max-width: 1024px) 100vw, 1024px\" \/><\/figure>\n\n\n\n<figure class=\"wp-block-image size-large\"><img loading=\"lazy\" decoding=\"async\" width=\"1024\" height=\"683\" src=\"https:\/\/blogdorogeriogomes.com.br\/wp-content\/uploads\/2022\/09\/IMG-20220902-WA0013-1024x683.jpg\" alt=\"\" class=\"wp-image-26677\" srcset=\"https:\/\/blogdorogeriogomes.com.br\/noticias\/wp-content\/uploads\/2022\/09\/IMG-20220902-WA0013-1024x683.jpg 1024w, https:\/\/blogdorogeriogomes.com.br\/noticias\/wp-content\/uploads\/2022\/09\/IMG-20220902-WA0013-300x200.jpg 300w, https:\/\/blogdorogeriogomes.com.br\/noticias\/wp-content\/uploads\/2022\/09\/IMG-20220902-WA0013-768x512.jpg 768w, https:\/\/blogdorogeriogomes.com.br\/noticias\/wp-content\/uploads\/2022\/09\/IMG-20220902-WA0013-1536x1024.jpg 1536w, https:\/\/blogdorogeriogomes.com.br\/noticias\/wp-content\/uploads\/2022\/09\/IMG-20220902-WA0013-800x533.jpg 800w, https:\/\/blogdorogeriogomes.com.br\/noticias\/wp-content\/uploads\/2022\/09\/IMG-20220902-WA0013.jpg 1920w\" sizes=\"auto, (max-width: 1024px) 100vw, 1024px\" \/><\/figure>\n","protected":false},"excerpt":{"rendered":"<p>Nesta sexta-feira, dia 2 de setembro, os candidatos ao Governo do Cear\u00e1 t\u00eam agenda de campanha em Fortaleza e munic\u00edpios do interior. O l\u00edder nas pesquisas Capit\u00e3o Wagner (Uni\u00e3o Brasil) tem atividades na Regi\u00e3o Centro-Sul. Ele faz caminhada em Quixel\u00f4 e participa da Exposi\u00e7\u00e3o Agropecu\u00e1ria de Iguatu. Roberto Cl\u00e1udio (PDT) faz caminhada em Sobral, na Zona Norte. Tem atividades previstas ainda no bairro Aracap\u00e9, em Fortaleza, e com\u00edcio em Cascavel. Elmano de Freitas tem caminhada nos bairros Jardim das&hellip;<\/p>\n","protected":false},"author":1,"featured_media":26675,"comment_status":"open","ping_status":"open","sticky":false,"template":"","format":"standard","meta":{"footnotes":""},"categories":[1],"tags":[],"class_list":["post-26674","post","type-post","status-publish","format-standard","has-post-thumbnail","hentry","category-noticias"],"_links":{"self":[{"href":"https:\/\/blogdorogeriogomes.com.br\/noticias\/wp-json\/wp\/v2\/posts\/26674","targetHints":{"allow":["GET"]}}],"collection":[{"href":"https:\/\/blogdorogeriogomes.com.br\/noticias\/wp-json\/wp\/v2\/posts"}],"about":[{"href":"https:\/\/blogdorogeriogomes.com.br\/noticias\/wp-json\/wp\/v2\/types\/post"}],"author":[{"embeddable":true,"href":"https:\/\/blogdorogeriogomes.com.br\/noticias\/wp-json\/wp\/v2\/users\/1"}],"replies":[{"embeddable":true,"href":"https:\/\/blogdorogeriogomes.com.br\/noticias\/wp-json\/wp\/v2\/comments?post=26674"}],"version-history":[{"count":1,"href":"https:\/\/blogdorogeriogomes.com.br\/noticias\/wp-json\/wp\/v2\/posts\/26674\/revisions"}],"predecessor-version":[{"id":26678,"href":"https:\/\/blogdorogeriogomes.com.br\/noticias\/wp-json\/wp\/v2\/posts\/26674\/revisions\/26678"}],"wp:featuredmedia":[{"embeddable":true,"href":"https:\/\/blogdorogeriogomes.com.br\/noticias\/wp-json\/wp\/v2\/media\/26675"}],"wp:attachment":[{"href":"https:\/\/blogdorogeriogomes.com.br\/noticias\/wp-json\/wp\/v2\/media?parent=26674"}],"wp:term":[{"taxonomy":"category","embeddable":true,"href":"https:\/\/blogdorogeriogomes.com.br\/noticias\/wp-json\/wp\/v2\/categories?post=26674"},{"taxonomy":"post_tag","embeddable":true,"href":"https:\/\/blogdorogeriogomes.com.br\/noticias\/wp-json\/wp\/v2\/tags?post=26674"}],"curies":[{"name":"wp","href":"https:\/\/api.w.org\/{rel}","templated":true}]}}