{"id":26694,"date":"2022-09-03T12:20:33","date_gmt":"2022-09-03T12:20:33","guid":{"rendered":"https:\/\/blogdorogeriogomes.com.br\/?p=26694"},"modified":"2022-09-05T13:20:45","modified_gmt":"2022-09-05T13:20:45","slug":"apos-verificacao-de-orgaos-de-seguranca-tse-atesta-integridade-e-lacra-urnas-eletronicas-para-as-eleicoes-2022","status":"publish","type":"post","link":"https:\/\/blogdorogeriogomes.com.br\/noticias\/2022\/09\/apos-verificacao-de-orgaos-de-seguranca-tse-atesta-integridade-e-lacra-urnas-eletronicas-para-as-eleicoes-2022\/","title":{"rendered":"Ap\u00f3s verifica\u00e7\u00e3o de \u00f3rg\u00e3os de seguran\u00e7a, TSE atesta integridade e lacra urnas eletr\u00f4nicas para as Elei\u00e7\u00f5es 2022"},"content":{"rendered":"\n<p>O Tribunal Superior Eleitoral (TSE) concluiu o processo  de Assinatura Digital e Lacra\u00e7\u00e3o dos Sistemas Eleitorais. O evento atesta a integridade e a autenticidade dos programas eleitorais que ser\u00e3o utilizados nas urnas eletr\u00f4nicas e demais equipamentos nas Elei\u00e7\u00f5es 2022.<\/p>\n\n\n\n<p>Os sistemas foram assinados digitalmente pelo presidente do TSE, ministro Alexandre de Moraes; vice-procurador-geral eleitoral, Paulo Gonet; presidente do Conselho Federal da Ordem dos Advogados do Brasil (OAB), Jos\u00e9 Alberto Simonetti; chefe da Divis\u00e3o de Contraintelig\u00eancia da Pol\u00edcia Federal, Ricardo Ruiz Silva; auditor federal de finan\u00e7as e controle da Controladoria-Geral da Uni\u00e3o (CGU), Felipe Ribeiro Freire; delegado do Partido Trabalhista Brasileiro (PTB), Luiz Gustavo Pereira da Cunha; e pelo coronel Marcelo Nogueira de Souza, representante das For\u00e7as Armadas indicado pelo Minist\u00e9rio da Defesa.<\/p>\n\n\n\n<p>Alexandre de Moraes lembrou que, faltando 30 dias para as elei\u00e7\u00f5es, a lacra\u00e7\u00e3o dos sistemas demonstra a transpar\u00eancia, a seguran\u00e7a, a seriedade e a confian\u00e7a da Justi\u00e7a Eleitoral nas Elei\u00e7\u00f5es 2022.&nbsp;<\/p>\n\n\n\n<figure class=\"wp-block-image size-full\"><img loading=\"lazy\" decoding=\"async\" width=\"620\" height=\"300\" src=\"https:\/\/blogdorogeriogomes.com.br\/wp-content\/uploads\/2022\/09\/ee2b965a-b57a-4ec5-99ac-79d307e45b7a.jpeg\" alt=\"\" class=\"wp-image-26695\" srcset=\"https:\/\/blogdorogeriogomes.com.br\/noticias\/wp-content\/uploads\/2022\/09\/ee2b965a-b57a-4ec5-99ac-79d307e45b7a.jpeg 620w, https:\/\/blogdorogeriogomes.com.br\/noticias\/wp-content\/uploads\/2022\/09\/ee2b965a-b57a-4ec5-99ac-79d307e45b7a-300x145.jpeg 300w\" sizes=\"auto, (max-width: 620px) 100vw, 620px\" \/><\/figure>\n","protected":false},"excerpt":{"rendered":"<p>O Tribunal Superior Eleitoral (TSE) concluiu o processo de Assinatura Digital e Lacra\u00e7\u00e3o dos Sistemas Eleitorais. O evento atesta a integridade e a autenticidade dos programas eleitorais que ser\u00e3o utilizados nas urnas eletr\u00f4nicas e demais equipamentos nas Elei\u00e7\u00f5es 2022. Os sistemas foram assinados digitalmente pelo presidente do TSE, ministro Alexandre de Moraes; vice-procurador-geral eleitoral, Paulo Gonet; presidente do Conselho Federal da Ordem dos Advogados do Brasil (OAB), Jos\u00e9 Alberto Simonetti; chefe da Divis\u00e3o de Contraintelig\u00eancia da Pol\u00edcia Federal, Ricardo&hellip;<\/p>\n","protected":false},"author":1,"featured_media":26695,"comment_status":"open","ping_status":"open","sticky":false,"template":"","format":"standard","meta":{"footnotes":""},"categories":[1],"tags":[],"class_list":["post-26694","post","type-post","status-publish","format-standard","has-post-thumbnail","hentry","category-noticias"],"_links":{"self":[{"href":"https:\/\/blogdorogeriogomes.com.br\/noticias\/wp-json\/wp\/v2\/posts\/26694","targetHints":{"allow":["GET"]}}],"collection":[{"href":"https:\/\/blogdorogeriogomes.com.br\/noticias\/wp-json\/wp\/v2\/posts"}],"about":[{"href":"https:\/\/blogdorogeriogomes.com.br\/noticias\/wp-json\/wp\/v2\/types\/post"}],"author":[{"embeddable":true,"href":"https:\/\/blogdorogeriogomes.com.br\/noticias\/wp-json\/wp\/v2\/users\/1"}],"replies":[{"embeddable":true,"href":"https:\/\/blogdorogeriogomes.com.br\/noticias\/wp-json\/wp\/v2\/comments?post=26694"}],"version-history":[{"count":2,"href":"https:\/\/blogdorogeriogomes.com.br\/noticias\/wp-json\/wp\/v2\/posts\/26694\/revisions"}],"predecessor-version":[{"id":26714,"href":"https:\/\/blogdorogeriogomes.com.br\/noticias\/wp-json\/wp\/v2\/posts\/26694\/revisions\/26714"}],"wp:featuredmedia":[{"embeddable":true,"href":"https:\/\/blogdorogeriogomes.com.br\/noticias\/wp-json\/wp\/v2\/media\/26695"}],"wp:attachment":[{"href":"https:\/\/blogdorogeriogomes.com.br\/noticias\/wp-json\/wp\/v2\/media?parent=26694"}],"wp:term":[{"taxonomy":"category","embeddable":true,"href":"https:\/\/blogdorogeriogomes.com.br\/noticias\/wp-json\/wp\/v2\/categories?post=26694"},{"taxonomy":"post_tag","embeddable":true,"href":"https:\/\/blogdorogeriogomes.com.br\/noticias\/wp-json\/wp\/v2\/tags?post=26694"}],"curies":[{"name":"wp","href":"https:\/\/api.w.org\/{rel}","templated":true}]}}