{"id":26697,"date":"2022-09-03T12:56:11","date_gmt":"2022-09-03T12:56:11","guid":{"rendered":"https:\/\/blogdorogeriogomes.com.br\/?p=26697"},"modified":"2022-09-05T13:20:33","modified_gmt":"2022-09-05T13:20:33","slug":"em-fim-de-mandato-na-presidencia-do-stf-passa-pelo-ceara-e-se-reune-com-autoridades-politicas-e-empresarios","status":"publish","type":"post","link":"https:\/\/blogdorogeriogomes.com.br\/noticias\/2022\/09\/em-fim-de-mandato-na-presidencia-do-stf-passa-pelo-ceara-e-se-reune-com-autoridades-politicas-e-empresarios\/","title":{"rendered":"Em fim de mandato na presid\u00eancia do STF, passa pelo Cear\u00e1 e se re\u00fane com autoridades pol\u00edticas e empres\u00e1rios"},"content":{"rendered":"\n<p>O presidente do Supremo Tribunal Federal e do Conselho Nacional de Justi\u00e7a, ministro Luiz Fux, veio a Fortaleza para o encerramento da Confer\u00eancia Nacional dos Cart\u00f3rios, nesta sexta-feira, dia 2 de setembro. Luiz Fux tamb\u00e9m se reuniu com empres\u00e1rios e autoridades pol\u00edticas em palestra na Federa\u00e7\u00e3o das Ind\u00fastrias do Cear\u00e1 (Fiec). <\/p>\n\n\n\n<p>Fux falou aos empres\u00e1rios sobre seguran\u00e7a jur\u00eddica e Risco Brasil. Ap\u00f3s opera\u00e7\u00e3o do STF, determinada pelo ministro Alexandre de Moraes, contra oito empres\u00e1rios bolsonaristas, a Fiec publicou nota para &#8220;expressar a sua preocupa\u00e7\u00e3o com o ambiente institucional do Pa\u00eds&#8221;.<\/p>\n\n\n\n<p>No pr\u00f3ximo dia 12 de setembro, Luiz Fux deixa a presid\u00eancia do STF. Quem assume como presidente \u00e9 a ministra Rosa Weber. O vice ser\u00e1 o ministro Lu\u00eds Roberto Barroso.<\/p>\n\n\n\n<figure class=\"wp-block-image size-large\"><img loading=\"lazy\" decoding=\"async\" width=\"1024\" height=\"782\" src=\"https:\/\/blogdorogeriogomes.com.br\/wp-content\/uploads\/2022\/09\/IMG_20220902_2003050122-1024x782.jpg\" alt=\"\" class=\"wp-image-26698\" srcset=\"https:\/\/blogdorogeriogomes.com.br\/noticias\/wp-content\/uploads\/2022\/09\/IMG_20220902_2003050122-1024x782.jpg 1024w, https:\/\/blogdorogeriogomes.com.br\/noticias\/wp-content\/uploads\/2022\/09\/IMG_20220902_2003050122-300x229.jpg 300w, https:\/\/blogdorogeriogomes.com.br\/noticias\/wp-content\/uploads\/2022\/09\/IMG_20220902_2003050122-768x586.jpg 768w, https:\/\/blogdorogeriogomes.com.br\/noticias\/wp-content\/uploads\/2022\/09\/IMG_20220902_2003050122-1536x1173.jpg 1536w, https:\/\/blogdorogeriogomes.com.br\/noticias\/wp-content\/uploads\/2022\/09\/IMG_20220902_2003050122-2048x1564.jpg 2048w, https:\/\/blogdorogeriogomes.com.br\/noticias\/wp-content\/uploads\/2022\/09\/IMG_20220902_2003050122-800x611.jpg 800w, https:\/\/blogdorogeriogomes.com.br\/noticias\/wp-content\/uploads\/2022\/09\/IMG_20220902_2003050122-180x138.jpg 180w\" sizes=\"auto, (max-width: 1024px) 100vw, 1024px\" \/><\/figure>\n","protected":false},"excerpt":{"rendered":"<p>O presidente do Supremo Tribunal Federal e do Conselho Nacional de Justi\u00e7a, ministro Luiz Fux, veio a Fortaleza para o encerramento da Confer\u00eancia Nacional dos Cart\u00f3rios, nesta sexta-feira, dia 2 de setembro. Luiz Fux tamb\u00e9m se reuniu com empres\u00e1rios e autoridades pol\u00edticas em palestra na Federa\u00e7\u00e3o das Ind\u00fastrias do Cear\u00e1 (Fiec). Fux falou aos empres\u00e1rios sobre seguran\u00e7a jur\u00eddica e Risco Brasil. Ap\u00f3s opera\u00e7\u00e3o do STF, determinada pelo ministro Alexandre de Moraes, contra oito empres\u00e1rios bolsonaristas, a Fiec publicou nota&hellip;<\/p>\n","protected":false},"author":1,"featured_media":26698,"comment_status":"open","ping_status":"open","sticky":false,"template":"","format":"standard","meta":{"footnotes":""},"categories":[1],"tags":[],"class_list":["post-26697","post","type-post","status-publish","format-standard","has-post-thumbnail","hentry","category-noticias"],"_links":{"self":[{"href":"https:\/\/blogdorogeriogomes.com.br\/noticias\/wp-json\/wp\/v2\/posts\/26697","targetHints":{"allow":["GET"]}}],"collection":[{"href":"https:\/\/blogdorogeriogomes.com.br\/noticias\/wp-json\/wp\/v2\/posts"}],"about":[{"href":"https:\/\/blogdorogeriogomes.com.br\/noticias\/wp-json\/wp\/v2\/types\/post"}],"author":[{"embeddable":true,"href":"https:\/\/blogdorogeriogomes.com.br\/noticias\/wp-json\/wp\/v2\/users\/1"}],"replies":[{"embeddable":true,"href":"https:\/\/blogdorogeriogomes.com.br\/noticias\/wp-json\/wp\/v2\/comments?post=26697"}],"version-history":[{"count":1,"href":"https:\/\/blogdorogeriogomes.com.br\/noticias\/wp-json\/wp\/v2\/posts\/26697\/revisions"}],"predecessor-version":[{"id":26699,"href":"https:\/\/blogdorogeriogomes.com.br\/noticias\/wp-json\/wp\/v2\/posts\/26697\/revisions\/26699"}],"wp:featuredmedia":[{"embeddable":true,"href":"https:\/\/blogdorogeriogomes.com.br\/noticias\/wp-json\/wp\/v2\/media\/26698"}],"wp:attachment":[{"href":"https:\/\/blogdorogeriogomes.com.br\/noticias\/wp-json\/wp\/v2\/media?parent=26697"}],"wp:term":[{"taxonomy":"category","embeddable":true,"href":"https:\/\/blogdorogeriogomes.com.br\/noticias\/wp-json\/wp\/v2\/categories?post=26697"},{"taxonomy":"post_tag","embeddable":true,"href":"https:\/\/blogdorogeriogomes.com.br\/noticias\/wp-json\/wp\/v2\/tags?post=26697"}],"curies":[{"name":"wp","href":"https:\/\/api.w.org\/{rel}","templated":true}]}}